{"id":6847,"date":"2018-01-17T12:10:38","date_gmt":"2018-01-17T12:10:38","guid":{"rendered":"http:\/\/www.imagopsicologos.com\/?p=6148"},"modified":"2018-01-17T12:10:38","modified_gmt":"2018-01-17T12:10:38","slug":"psicoterapia","status":"publish","type":"post","link":"https:\/\/www.imagopsicologos.com\/nuevaweb\/psicoterapia\/","title":{"rendered":"\u00bfPor qu\u00e9 me pasa lo que me pasa?"},"content":{"rendered":"<p><img loading=\"lazy\" decoding=\"async\" class=\"aligncenter wp-image-6363 size-full\" src=\"http:\/\/www.imagopsicologos.com\/wp-content\/uploads\/2018\/01\/psicoterapia-post.jpg\" alt=\"\" width=\"960\" height=\"600\" \/><\/p>\n<p>Hay veces en que nos damos cuenta de que se ha roto el equilibrio en que viv\u00edamos, que nos ocurren cosas que no entendemos. No nos referimos a ellas: los conflictos en el trabajo, los roces en la familia, las preocupaciones por nuestro futuro o el de nuestros hijos\u2026 son \u201cinfortunios cotidianos\u201d que podemos afrontar con la ayuda de un buen amigo, un viaje que nos despeje o incluso con una caminata reparadora. Hablamos de otra cosa, hablamos de sentimientos que nos desbordan y a los que no somos capaces de hacer frente. Pensamos por ejemplo en algunos climas insoportables que se viven reiteradamente con la pareja o los hijos o en ataques de p\u00e1nico que surgen de buenas a primeras o de estar atascado en una relaci\u00f3n que nos atrae y a la vez nos hace sufrir y tantas otras experiencias que se nos escapan de las manos y limitan nuestra vida, generan sufrimiento y se repiten una y otra vez sin que sepamos qu\u00e9 hacer.<\/p>\n<p>No es f\u00e1cil reconocer y aceptar que no podemos asumirlas solos. Decidirse a buscar ayuda es una muestra de fortaleza y a veces un camino en el que hay que dejar de lado los \u201cS\u00e9 perfectamente lo que me pasa\u201d \u201cEl tiempo lo cura todo\u201d o \u201cYo no voy a contar mis problemas a un desconocido\u201d<br \/>\nEl tiempo no lo soluciona todo, algunas veces lo complica a\u00fan m\u00e1s. El malestar emocional no tiene por qu\u00e9 ser un camino sin salida. A\u00f1os atr\u00e1s se apelaba a la resignaci\u00f3n, hoy sabemos que la psicoterapia es una v\u00eda para encarar aquellas vivencias que nos desconciertan y nos hacen sufrir.<\/p>\n<p>La <strong>psicoterapia<\/strong> es un lugar y un momento para hablar tranquilamente sobre lo que le preocupa, es la escucha atenta de un interlocutor experimentado y la posibilidad de comprender los c\u00f3mos y los por qu\u00e9s de lo que est\u00e1 viviendo. Estos son algunos de los medios a partir de los cuales se abre la posibilidad de desarrollar sus propios recursos para resolver aquello que lo est\u00e1 haciendo sufrir.<\/p>\n<p>Barbara Jochamowitz<br \/>\nPsicoterapeuta<\/p>\n","protected":false},"excerpt":{"rendered":"<p>Hay veces en que nos damos cuenta de que se ha roto el equilibrio en que viv\u00edamos, que nos ocurren cosas que no entendemos. No nos referimos a ellas: los conflictos en el trabajo, los roces en la familia, las preocupaciones por nuestro futuro o el de nuestros hijos\u2026 son \u201cinfortunios cotidianos\u201d que podemos afrontar [&hellip;]<\/p>\n","protected":false},"author":1,"featured_media":6848,"comment_status":"closed","ping_status":"open","sticky":false,"template":"","format":"standard","meta":{"_et_pb_use_builder":"","_et_pb_old_content":"","_et_gb_content_width":"","footnotes":""},"categories":[4],"tags":[],"class_list":["post-6847","post","type-post","status-publish","format-standard","has-post-thumbnail","hentry","category-psicoterapia"],"yoast_head":"<!-- This site is optimized with the Yoast SEO plugin v20.9 - https:\/\/yoast.com\/wordpress\/plugins\/seo\/ -->\n<title>\u00bfPor qu\u00e9 me pasa lo que me pasa? | Imago: Terapia en Torrelodones<\/title>\n<meta name=\"description\" content=\"Hay veces en que nos damos cuenta de que se ha roto el equilibrio en que viv\u00edamos, que nos ocurren cosas que no entendemos. No nos referimos a ellas: los conflictos en el trabajo, los roces en la familia, las preocupaciones por nuestro futuro o el de nuestros hijos\u2026\" \/>\n<meta name=\"robots\" content=\"noindex, follow, max-snippet:-1, max-image-preview:large, max-video-preview:-1\" \/>\n<meta property=\"og:locale\" content=\"es_ES\" \/>\n<meta property=\"og:type\" content=\"article\" \/>\n<meta property=\"og:title\" content=\"\u00bfPor qu\u00e9 me pasa lo que me pasa? | Imago: Terapia en Torrelodones\" \/>\n<meta property=\"og:description\" content=\"Hay veces en que nos damos cuenta de que se ha roto el equilibrio en que viv\u00edamos, que nos ocurren cosas que no entendemos. No nos referimos a ellas: los conflictos en el trabajo, los roces en la familia, las preocupaciones por nuestro futuro o el de nuestros hijos\u2026\" \/>\n<meta property=\"og:url\" content=\"https:\/\/www.imagopsicologos.com\/nuevaweb\/psicoterapia\/\" \/>\n<meta property=\"og:site_name\" content=\"Imago: Terapia en Torrelodones\" \/>\n<meta property=\"article:publisher\" content=\"https:\/\/www.facebook.com\/imagopsicologos\/\" \/>\n<meta property=\"article:published_time\" content=\"2018-01-17T12:10:38+00:00\" \/>\n<meta property=\"og:image\" content=\"https:\/\/www.imagopsicologos.com\/nuevaweb\/wp-content\/uploads\/2018\/01\/psicoterapia-post.jpg\" \/>\n\t<meta property=\"og:image:width\" content=\"960\" \/>\n\t<meta property=\"og:image:height\" content=\"600\" \/>\n\t<meta property=\"og:image:type\" content=\"image\/jpeg\" \/>\n<meta name=\"author\" content=\"admin\" \/>\n<meta name=\"twitter:card\" content=\"summary_large_image\" \/>\n<meta name=\"twitter:label1\" content=\"Escrito por\" \/>\n\t<meta name=\"twitter:data1\" content=\"admin\" \/>\n\t<meta name=\"twitter:label2\" content=\"Tiempo de lectura\" \/>\n\t<meta name=\"twitter:data2\" content=\"2 minutos\" \/>\n<script type=\"application\/ld+json\" class=\"yoast-schema-graph\">{\"@context\":\"https:\/\/schema.org\",\"@graph\":[{\"@type\":\"Article\",\"@id\":\"https:\/\/www.imagopsicologos.com\/nuevaweb\/psicoterapia\/#article\",\"isPartOf\":{\"@id\":\"https:\/\/www.imagopsicologos.com\/nuevaweb\/psicoterapia\/\"},\"author\":{\"name\":\"admin\",\"@id\":\"https:\/\/www.imagopsicologos.com\/nuevaweb\/#\/schema\/person\/9239a95512d4c081a7328527a401e179\"},\"headline\":\"\u00bfPor qu\u00e9 me pasa lo que me pasa?\",\"datePublished\":\"2018-01-17T12:10:38+00:00\",\"dateModified\":\"2018-01-17T12:10:38+00:00\",\"mainEntityOfPage\":{\"@id\":\"https:\/\/www.imagopsicologos.com\/nuevaweb\/psicoterapia\/\"},\"wordCount\":364,\"publisher\":{\"@id\":\"https:\/\/www.imagopsicologos.com\/nuevaweb\/#organization\"},\"articleSection\":[\"Psicoterapia\"],\"inLanguage\":\"es\"},{\"@type\":\"WebPage\",\"@id\":\"https:\/\/www.imagopsicologos.com\/nuevaweb\/psicoterapia\/\",\"url\":\"https:\/\/www.imagopsicologos.com\/nuevaweb\/psicoterapia\/\",\"name\":\"\u00bfPor qu\u00e9 me pasa lo que me pasa? | Imago: Terapia en Torrelodones\",\"isPartOf\":{\"@id\":\"https:\/\/www.imagopsicologos.com\/nuevaweb\/#website\"},\"datePublished\":\"2018-01-17T12:10:38+00:00\",\"dateModified\":\"2018-01-17T12:10:38+00:00\",\"description\":\"Hay veces en que nos damos cuenta de que se ha roto el equilibrio en que viv\u00edamos, que nos ocurren cosas que no entendemos. No nos referimos a ellas: los conflictos en el trabajo, los roces en la familia, las preocupaciones por nuestro futuro o el de nuestros hijos\u2026\",\"breadcrumb\":{\"@id\":\"https:\/\/www.imagopsicologos.com\/nuevaweb\/psicoterapia\/#breadcrumb\"},\"inLanguage\":\"es\",\"potentialAction\":[{\"@type\":\"ReadAction\",\"target\":[\"https:\/\/www.imagopsicologos.com\/nuevaweb\/psicoterapia\/\"]}]},{\"@type\":\"BreadcrumbList\",\"@id\":\"https:\/\/www.imagopsicologos.com\/nuevaweb\/psicoterapia\/#breadcrumb\",\"itemListElement\":[{\"@type\":\"ListItem\",\"position\":1,\"name\":\"Portada\",\"item\":\"https:\/\/www.imagopsicologos.com\/nuevaweb\/\"},{\"@type\":\"ListItem\",\"position\":2,\"name\":\"\u00bfPor qu\u00e9 me pasa lo que me pasa?\"}]},{\"@type\":\"WebSite\",\"@id\":\"https:\/\/www.imagopsicologos.com\/nuevaweb\/#website\",\"url\":\"https:\/\/www.imagopsicologos.com\/nuevaweb\/\",\"name\":\"Imago: Terapia en Torrelodones\",\"description\":\"Psicoterapia en Torrelodones en Torrelodones\",\"publisher\":{\"@id\":\"https:\/\/www.imagopsicologos.com\/nuevaweb\/#organization\"},\"alternateName\":\"Centro de psicoterapia en Torrelodones\",\"potentialAction\":[{\"@type\":\"SearchAction\",\"target\":{\"@type\":\"EntryPoint\",\"urlTemplate\":\"https:\/\/www.imagopsicologos.com\/nuevaweb\/?s={search_term_string}\"},\"query-input\":\"required name=search_term_string\"}],\"inLanguage\":\"es\"},{\"@type\":\"Organization\",\"@id\":\"https:\/\/www.imagopsicologos.com\/nuevaweb\/#organization\",\"name\":\"Imago: Terapia en Torrelodones\",\"url\":\"https:\/\/www.imagopsicologos.com\/nuevaweb\/\",\"logo\":{\"@type\":\"ImageObject\",\"inLanguage\":\"es\",\"@id\":\"https:\/\/www.imagopsicologos.com\/nuevaweb\/#\/schema\/logo\/image\/\",\"url\":\"https:\/\/www.imagopsicologos.com\/nuevaweb\/wp-content\/uploads\/2023\/06\/logo-con-telefono-copia.jpeg\",\"contentUrl\":\"https:\/\/www.imagopsicologos.com\/nuevaweb\/wp-content\/uploads\/2023\/06\/logo-con-telefono-copia.jpeg\",\"width\":480,\"height\":480,\"caption\":\"Imago: Terapia en Torrelodones\"},\"image\":{\"@id\":\"https:\/\/www.imagopsicologos.com\/nuevaweb\/#\/schema\/logo\/image\/\"},\"sameAs\":[\"https:\/\/www.facebook.com\/imagopsicologos\/\"]},{\"@type\":\"Person\",\"@id\":\"https:\/\/www.imagopsicologos.com\/nuevaweb\/#\/schema\/person\/9239a95512d4c081a7328527a401e179\",\"name\":\"admin\",\"image\":{\"@type\":\"ImageObject\",\"inLanguage\":\"es\",\"@id\":\"https:\/\/www.imagopsicologos.com\/nuevaweb\/#\/schema\/person\/image\/\",\"url\":\"https:\/\/secure.gravatar.com\/avatar\/899e4ee70cf3334f8869cd9dfa591cdd3e01232bfd02f7244f9f127390634012?s=96&d=mm&r=g\",\"contentUrl\":\"https:\/\/secure.gravatar.com\/avatar\/899e4ee70cf3334f8869cd9dfa591cdd3e01232bfd02f7244f9f127390634012?s=96&d=mm&r=g\",\"caption\":\"admin\"},\"sameAs\":[\"https:\/\/www.imagopsicologos.com\/nuevaweb\"],\"url\":\"https:\/\/www.imagopsicologos.com\/nuevaweb\/author\/admin\/\"}]}<\/script>\n<!-- \/ Yoast SEO plugin. -->","yoast_head_json":{"title":"\u00bfPor qu\u00e9 me pasa lo que me pasa? | Imago: Terapia en Torrelodones","description":"Hay veces en que nos damos cuenta de que se ha roto el equilibrio en que viv\u00edamos, que nos ocurren cosas que no entendemos. No nos referimos a ellas: los conflictos en el trabajo, los roces en la familia, las preocupaciones por nuestro futuro o el de nuestros hijos\u2026","robots":{"index":"noindex","follow":"follow","max-snippet":"max-snippet:-1","max-image-preview":"max-image-preview:large","max-video-preview":"max-video-preview:-1"},"og_locale":"es_ES","og_type":"article","og_title":"\u00bfPor qu\u00e9 me pasa lo que me pasa? | Imago: Terapia en Torrelodones","og_description":"Hay veces en que nos damos cuenta de que se ha roto el equilibrio en que viv\u00edamos, que nos ocurren cosas que no entendemos. No nos referimos a ellas: los conflictos en el trabajo, los roces en la familia, las preocupaciones por nuestro futuro o el de nuestros hijos\u2026","og_url":"https:\/\/www.imagopsicologos.com\/nuevaweb\/psicoterapia\/","og_site_name":"Imago: Terapia en Torrelodones","article_publisher":"https:\/\/www.facebook.com\/imagopsicologos\/","article_published_time":"2018-01-17T12:10:38+00:00","og_image":[{"width":960,"height":600,"url":"https:\/\/www.imagopsicologos.com\/nuevaweb\/wp-content\/uploads\/2018\/01\/psicoterapia-post.jpg","type":"image\/jpeg"}],"author":"admin","twitter_card":"summary_large_image","twitter_misc":{"Escrito por":"admin","Tiempo de lectura":"2 minutos"},"schema":{"@context":"https:\/\/schema.org","@graph":[{"@type":"Article","@id":"https:\/\/www.imagopsicologos.com\/nuevaweb\/psicoterapia\/#article","isPartOf":{"@id":"https:\/\/www.imagopsicologos.com\/nuevaweb\/psicoterapia\/"},"author":{"name":"admin","@id":"https:\/\/www.imagopsicologos.com\/nuevaweb\/#\/schema\/person\/9239a95512d4c081a7328527a401e179"},"headline":"\u00bfPor qu\u00e9 me pasa lo que me pasa?","datePublished":"2018-01-17T12:10:38+00:00","dateModified":"2018-01-17T12:10:38+00:00","mainEntityOfPage":{"@id":"https:\/\/www.imagopsicologos.com\/nuevaweb\/psicoterapia\/"},"wordCount":364,"publisher":{"@id":"https:\/\/www.imagopsicologos.com\/nuevaweb\/#organization"},"articleSection":["Psicoterapia"],"inLanguage":"es"},{"@type":"WebPage","@id":"https:\/\/www.imagopsicologos.com\/nuevaweb\/psicoterapia\/","url":"https:\/\/www.imagopsicologos.com\/nuevaweb\/psicoterapia\/","name":"\u00bfPor qu\u00e9 me pasa lo que me pasa? | Imago: Terapia en Torrelodones","isPartOf":{"@id":"https:\/\/www.imagopsicologos.com\/nuevaweb\/#website"},"datePublished":"2018-01-17T12:10:38+00:00","dateModified":"2018-01-17T12:10:38+00:00","description":"Hay veces en que nos damos cuenta de que se ha roto el equilibrio en que viv\u00edamos, que nos ocurren cosas que no entendemos. No nos referimos a ellas: los conflictos en el trabajo, los roces en la familia, las preocupaciones por nuestro futuro o el de nuestros hijos\u2026","breadcrumb":{"@id":"https:\/\/www.imagopsicologos.com\/nuevaweb\/psicoterapia\/#breadcrumb"},"inLanguage":"es","potentialAction":[{"@type":"ReadAction","target":["https:\/\/www.imagopsicologos.com\/nuevaweb\/psicoterapia\/"]}]},{"@type":"BreadcrumbList","@id":"https:\/\/www.imagopsicologos.com\/nuevaweb\/psicoterapia\/#breadcrumb","itemListElement":[{"@type":"ListItem","position":1,"name":"Portada","item":"https:\/\/www.imagopsicologos.com\/nuevaweb\/"},{"@type":"ListItem","position":2,"name":"\u00bfPor qu\u00e9 me pasa lo que me pasa?"}]},{"@type":"WebSite","@id":"https:\/\/www.imagopsicologos.com\/nuevaweb\/#website","url":"https:\/\/www.imagopsicologos.com\/nuevaweb\/","name":"Imago: Terapia en Torrelodones","description":"Psicoterapia en Torrelodones en Torrelodones","publisher":{"@id":"https:\/\/www.imagopsicologos.com\/nuevaweb\/#organization"},"alternateName":"Centro de psicoterapia en Torrelodones","potentialAction":[{"@type":"SearchAction","target":{"@type":"EntryPoint","urlTemplate":"https:\/\/www.imagopsicologos.com\/nuevaweb\/?s={search_term_string}"},"query-input":"required name=search_term_string"}],"inLanguage":"es"},{"@type":"Organization","@id":"https:\/\/www.imagopsicologos.com\/nuevaweb\/#organization","name":"Imago: Terapia en Torrelodones","url":"https:\/\/www.imagopsicologos.com\/nuevaweb\/","logo":{"@type":"ImageObject","inLanguage":"es","@id":"https:\/\/www.imagopsicologos.com\/nuevaweb\/#\/schema\/logo\/image\/","url":"https:\/\/www.imagopsicologos.com\/nuevaweb\/wp-content\/uploads\/2023\/06\/logo-con-telefono-copia.jpeg","contentUrl":"https:\/\/www.imagopsicologos.com\/nuevaweb\/wp-content\/uploads\/2023\/06\/logo-con-telefono-copia.jpeg","width":480,"height":480,"caption":"Imago: Terapia en Torrelodones"},"image":{"@id":"https:\/\/www.imagopsicologos.com\/nuevaweb\/#\/schema\/logo\/image\/"},"sameAs":["https:\/\/www.facebook.com\/imagopsicologos\/"]},{"@type":"Person","@id":"https:\/\/www.imagopsicologos.com\/nuevaweb\/#\/schema\/person\/9239a95512d4c081a7328527a401e179","name":"admin","image":{"@type":"ImageObject","inLanguage":"es","@id":"https:\/\/www.imagopsicologos.com\/nuevaweb\/#\/schema\/person\/image\/","url":"https:\/\/secure.gravatar.com\/avatar\/899e4ee70cf3334f8869cd9dfa591cdd3e01232bfd02f7244f9f127390634012?s=96&d=mm&r=g","contentUrl":"https:\/\/secure.gravatar.com\/avatar\/899e4ee70cf3334f8869cd9dfa591cdd3e01232bfd02f7244f9f127390634012?s=96&d=mm&r=g","caption":"admin"},"sameAs":["https:\/\/www.imagopsicologos.com\/nuevaweb"],"url":"https:\/\/www.imagopsicologos.com\/nuevaweb\/author\/admin\/"}]}},"_links":{"self":[{"href":"https:\/\/www.imagopsicologos.com\/nuevaweb\/wp-json\/wp\/v2\/posts\/6847","targetHints":{"allow":["GET"]}}],"collection":[{"href":"https:\/\/www.imagopsicologos.com\/nuevaweb\/wp-json\/wp\/v2\/posts"}],"about":[{"href":"https:\/\/www.imagopsicologos.com\/nuevaweb\/wp-json\/wp\/v2\/types\/post"}],"author":[{"embeddable":true,"href":"https:\/\/www.imagopsicologos.com\/nuevaweb\/wp-json\/wp\/v2\/users\/1"}],"replies":[{"embeddable":true,"href":"https:\/\/www.imagopsicologos.com\/nuevaweb\/wp-json\/wp\/v2\/comments?post=6847"}],"version-history":[{"count":0,"href":"https:\/\/www.imagopsicologos.com\/nuevaweb\/wp-json\/wp\/v2\/posts\/6847\/revisions"}],"wp:featuredmedia":[{"embeddable":true,"href":"https:\/\/www.imagopsicologos.com\/nuevaweb\/wp-json\/wp\/v2\/media\/6848"}],"wp:attachment":[{"href":"https:\/\/www.imagopsicologos.com\/nuevaweb\/wp-json\/wp\/v2\/media?parent=6847"}],"wp:term":[{"taxonomy":"category","embeddable":true,"href":"https:\/\/www.imagopsicologos.com\/nuevaweb\/wp-json\/wp\/v2\/categories?post=6847"},{"taxonomy":"post_tag","embeddable":true,"href":"https:\/\/www.imagopsicologos.com\/nuevaweb\/wp-json\/wp\/v2\/tags?post=6847"}],"curies":[{"name":"wp","href":"https:\/\/api.w.org\/{rel}","templated":true}]}}