{"id":6846,"date":"2018-02-14T13:48:51","date_gmt":"2018-02-14T13:48:51","guid":{"rendered":"http:\/\/www.imagopsicologos.com\/?p=6371"},"modified":"2018-02-14T13:48:51","modified_gmt":"2018-02-14T13:48:51","slug":"cuando-la-mente-enferma-el-cuerpo","status":"publish","type":"post","link":"https:\/\/www.imagopsicologos.com\/nuevaweb\/cuando-la-mente-enferma-el-cuerpo\/","title":{"rendered":"Cuando la mente enferma el cuerpo&#8230;"},"content":{"rendered":"<p>En la cara de Marta apareci\u00f3 un eczema que ninguna pomada solucionaba. Joel padec\u00eda s\u00edntomas al\u00e9rgicos, picores, estornudos y tos sin encontrar qu\u00e9 los causaba. Marisa ten\u00eda problemas digestivos y ni la colonoscopia dio con ninguna anomal\u00eda. Son los nombres ficticios de tres pacientes reales que con tratamiento psicol\u00f3gico han logrado superar una enfermedad a primera vista f\u00edsica. En el origen de las tres hab\u00eda un punto com\u00fan: una emoci\u00f3n negativa. La prueba de que, aunque a veces no nos sinceremos ni con nosotros mismos, nuestro cuerpo acaba hablando. En el caso de Marta, la ira sali\u00f3 por su piel. Ni ella misma quer\u00eda reconocer la mala relaci\u00f3n con su marido, al que todos consideran un encanto. A Joel se le tradujo en alergia la angustia que siente desde que empezaron a echar a gente de trabajo. Y Marisa no cesa con sus desarreglos digestivos porque se siente triste y perdida desde que su hijo se fue de casa.<\/p>\n<p style=\"display: block; float: left; padding: 1.0em; width: 40%; border: solid 1px; font-weight: bold; font-size: 22px; margin-right: 1.0em; min-width: 300px;\">La gente competitiva o poco emp\u00e1tica es m\u00e1s propensa a dar salida a\u00a0su\u00a0malestar en forma de dolencia<\/p>\n<p>Los expertos estiman que el 25% de todas las patolog\u00edas conocidas tienen una base u origen psicosom\u00e1tico. \u00abSon pacientes hiperfrecuentadores\u00bb, afirma Manuel \u00c1lvarez, m\u00e9dico internista y presidente de la Sociedad Andaluza de Medicina Psicosom\u00e1tica. Sufren y se sienten incomprendidos. En busca de la causa de su mal, se les hace tantas pruebas y tratamientos que se calcula que al sistema sanitario le cuestan nueve veces m\u00e1s que cualquier otro paciente, cuando en realidad la medicina psicosom\u00e1tica deber\u00eda ser muy barata. \u00abCuesta tiempo, consiste en escuchar al enfermo\u00bb, afirma \u00c1lvarez. \u00abUna cosa es la demanda expresada, y otra la situaci\u00f3n que vive y que puede ser el origen de la dolencia. De ah\u00ed que las visitas al paciente no puedan ser de 10 minutos, como ocurre ahora\u00bb, puntualiza.<\/p>\n<p><strong>El origen<\/strong><\/p>\n<p>Las enfermedades psicosom\u00e1ticas aparecen por emociones como la ansiedad, la ira o la angustia. \u00abLas emociones positivas nos generan sensaci\u00f3n de alegr\u00eda y de refuerzo, nos hacen fuertes. Las negativas nos debilitan\u00bb, explica Josep Maria Farr\u00e9, jefe del servicio de psiquiatr\u00eda, psicolog\u00eda y medicina psicosom\u00e1tica de USP Institut Universitari Dexeus. Existe una som\u00e1tica positiva, con una respuesta org\u00e1nica que mejora nuestra salud general, explica Farr\u00e9. Enamorarse, sentirse motivado por un trabajo o disfrutar de una buena comida estimulan la misma zona del cerebro, el circuito placer-recompensa. Hacen que liberemos un neurotransmisor, la dopamina, que genera esa sensaci\u00f3n positiva que se traduce en un bienestar general. Tambi\u00e9n ocurre cuando somos amables, aunque la situaci\u00f3n que vivimos sea en principio negativa y estresante. Ante la adversidad, con una actitud positiva tambi\u00e9n se obtiene una respuesta social positiva, precisa Farr\u00e9.<\/p>\n<p>Pero cuando lo que ocurre en el entorno provoca emociones negativas, la activaci\u00f3n de nuestro cerebro cambia. Se liberan otro tipo de neurotransmisores, como la noradrenalina o la serotonina. El cerebro los necesita para muchas de sus funciones, pero en su cantidad adecuada. Cuando se liberan en exceso, pueden acabar alterando el equilibrio de nuestro cuerpo y provocar respuestas negativas. \u00abSi no se resuelve la situaci\u00f3n de emergencia o la forma de afrontarla, la dolencia se cronifica\u00bb, explica Farr\u00e9.<\/p>\n<p>La forma en que se viven las situaciones y las emociones que las desencadenan depende, en buena parte, de la personalidad de cada uno. Por eso, pasar por un mal momento o que el entorno no acompa\u00f1e no es suficiente para que todo el proceso de somatizaci\u00f3n se desencadene. Las personas extremadamente competitivas, con poca empat\u00eda, los hipocondr\u00edacos o quienes no exteriorizan sus sentimientos tienen m\u00e1s posibilidades de acabar dando salida a su malestar a trav\u00e9s de alguna dolencia. \u00abLa persona que sabe expresar sus sentimientos tiene mucho ganado. Saber reconocer el origen de esa emoci\u00f3n es clave para la salud\u00bb, afirma \u00c1lvarez. \u00abEl 10% de los somatizadores niegan que el origen de su dolencia sea psicol\u00f3gico, y eso es un problema\u00bb, observa Farr\u00e9.<\/p>\n<p>Tambi\u00e9n influye la gen\u00e9tica. Quienes tienen el coraz\u00f3n m\u00e1s d\u00e9bil pueden acabar padeciendo un infarto. Lo mismo ocurre con el sistema digestivo, o con el dolor de espalda. Sin olvidar las disfunciones sexuales. A\u00fan no se sabe bien hasta qu\u00e9 punto el \u00f3rgano a trav\u00e9s del que se somatiza depende de la gen\u00e9tica o de otros factores. Algunos estudios apuntan, por ejemplo, a una conexi\u00f3n entre el desequilibrio en la producci\u00f3n de neurotransmisores y el sistema inmune. Otros indican una estrecha ligaz\u00f3n entre la piel y el cerebro, incluso desde el vientre materno, seg\u00fan explica Farr\u00e9. En sus or\u00edgenes, el embri\u00f3n est\u00e1 formado por tres capas: endodermo, mesodermo y ectodermo. De esta \u00faltima se originan la piel y el sistema nervioso. Algunas teor\u00edas atribuyen a esta relaci\u00f3n que lo que ocurra en el cerebro pueda acabar manifest\u00e1ndose en la piel, dice Farr\u00e9.<\/p>\n<p><strong>La crisis<\/strong><\/p>\n<p>La vida de numerosas personas ha sufrido cambios importantes e indeseados debido a la crisis. Mucha gente no ha tenido m\u00e1s remedio que asumir una nueva vida. De hecho, en los \u00faltimos dos a\u00f1os, las enfermedades psicosom\u00e1ticas han aumentado entre un 30% y un 40%, seg\u00fan estima \u00c1lvarez. \u00abSon personas que tienen que adaptarse a una nueva situaci\u00f3n: a las que se ha despedido del trabajo, o que trabajan bajo presi\u00f3n para no ser el siguiente en las reducciones de plantilla, o que tienen que dar m\u00e1s horas para suplir la falta de otros\u00bb, explica el especialista.<\/p>\n<p>Las personas que toleran mal los cambios sufren m\u00e1s el estr\u00e9s y la frustraci\u00f3n, y por tanto pueden acabar traduci\u00e9ndolos con mayor facilidad en problemas de salud. Como un pez que se muerde la cola, la personalidad de cada uno hace que el modo de afrontar una nueva situaci\u00f3n difiera. Las enfermedades psicosom\u00e1ticas se forjan dentro de un cuadril\u00e1tero, formado por \u00abel sistema nervioso, el sistema hormonal, el sistema inmunol\u00f3gico y la personalidad del propio individuo\u00bb, explica Antoni Bulbena, jefe del servicio de psiquiatr\u00eda del hospital del Mar de Barcelona y vicepresidente de la Asociaci\u00f3n Europea de Psiquiatr\u00eda de Enlace y Psicosom\u00e1tica.<\/p>\n<p>Hay estudios comparativos que demuestran que personas que han padecido un infarto y que f\u00edsicamente se recuperan de forma excelente vuelven a padecer otro si su personalidad no propicia una respuesta adaptativa ante la nueva situaci\u00f3n. En definitiva, los especialistas creen que el binomio cuerpo-mente deber\u00eda aplicarse a toda patolog\u00eda, ya que la somatizaci\u00f3n tambi\u00e9n puede hacer que el curso de algunos pacientes ya enfermos empeore.<\/p>\n<p>La dificultad para adaptarse a lo nuevo explicar\u00eda por qu\u00e9 a algunas personas el inicio de las esperadas vacaciones no les sienta bien. Son un cambio de ritmo que modifica nuestros referentes de orientaci\u00f3n. \u00abNuestra vida artificial y agendada cambia, no a todo el mundo le sienta bien el desconectar. Hay quien se queda desprogramado y su cuerpo responde qued\u00e1ndose entonces demasiado desconectado\u00bb, explica Bulbena.<\/p>\n<p>\u00bfC\u00f3mo lo somatiza? \u00abCon agotamiento, fatiga y falta de motivaci\u00f3n. Hay quien se queda en hibernaci\u00f3n, pasando dos d\u00edas en la cama\u00bb, a\u00f1ade. \u00bfLa soluci\u00f3n? \u00abEsta desconexi\u00f3n del medio laboral deber\u00eda cambiarse por una conexi\u00f3n con uno mismo. Estamos muy programados para responder a un entorno concreto, pero no para conectar contigo mismo\u00bb, afirma Bulbena.<\/p>\n<p>Aunque no existen estudios concluyentes, algunos especialistas apuntan a que la percepci\u00f3n popular de que al empezar las vacaciones se enferma m\u00e1s podr\u00eda ser cierta. Los cambios de ritmo tambi\u00e9n afectan al sistema inmune. Por ejemplo, se sabe que las personas que en su trabajo cambian de turno tienen una mayor tendencia a padecer enfermedades del sistema inmune, apunta Bulbena. No solo se altera su reloj biol\u00f3gico, sino que el estr\u00e9s que genera contribuye al desequilibrio de las defensas.<\/p>\n<p>\u00c1lvarez augura que, desde el punto de vista de la medicina psicosom\u00e1tica, la crisis tambi\u00e9n puede hacer que las \u00abno vacaciones\u00bb de muchas personas acaben en somatizaciones. Se refiere a ellas como \u00ablas vacaciones de la frustraci\u00f3n\u00bb. La ira que provoca el tener que quedarse en casa cuando no se necesita descanso es el caldo de cultivo para las enfermedades psicosom\u00e1ticas.<\/p>\n<p>A ello hay que sumar el malestar acumulado por la precariedad laboral. Las personas que pierden su trabajo pueden manifestar somatizaciones. Pero tener la espada de Damocles sobre la cabeza tambi\u00e9n. Algunos estudios indican que quienes se preocupan demasiado por la posibilidad de perder su puesto de trabajo tienen un peor estado de salud y m\u00e1s s\u00edntomas de depresi\u00f3n que los que est\u00e1n en paro.<\/p>\n<p><strong>Las m\u00e1s frecuentes<\/strong><\/p>\n<p>La enfermedad psicosom\u00e1tica m\u00e1s t\u00edpica y abundante es el colon irritable, afirma Bulbena. Otras son la hipertensi\u00f3n y las enfermedades cardiovasculares, sobre todo el infarto y el asma.<\/p>\n<p>Del mismo modo, la mayor\u00eda de enfermos empeoran cuando sus emociones son negativas. En la fibromialgia, el estado de \u00e1nimo resulta fundamental. Las personas con VIH deprimidas y ansiosas tienen un peor pron\u00f3stico. \u00abSomos una m\u00e1quina que interacciona. Si a un enfermo que padece alguna enfermedad como un c\u00e1ncer lo tratas con antidepresivos, vive m\u00e1s tiempo. La propia depresi\u00f3n tiene efectos inflamatorios, una depresi\u00f3n mal tratada desemboca en otros problemas fisiol\u00f3gicos\u00bb, observa Bulbena. Los especialistas coinciden en que la medicina psicosom\u00e1tica, pese a ser minoritaria, deber\u00eda tenerse m\u00e1s en cuenta en la pr\u00e1ctica m\u00e9dica.<\/p>\n<p>Fuente:\u00a0EL PA\u00cdS<br \/>\n<a href=\"https:\/\/elpais.com\/sociedad\/2010\/07\/10\/actualidad\/1278712801_850215.html\">https:\/\/elpais.com\/sociedad\/2010\/07\/10\/actualidad\/1278712801_850215.html<\/a><\/p>\n","protected":false},"excerpt":{"rendered":"<p>En la cara de Marta apareci\u00f3 un eczema que ninguna pomada solucionaba. Joel padec\u00eda s\u00edntomas al\u00e9rgicos, picores, estornudos y tos sin encontrar qu\u00e9 los causaba. Marisa ten\u00eda problemas digestivos y ni la colonoscopia dio con ninguna anomal\u00eda. Son los nombres ficticios de tres pacientes reales que con tratamiento psicol\u00f3gico han logrado superar una enfermedad a [&hellip;]<\/p>\n","protected":false},"author":1,"featured_media":0,"comment_status":"closed","ping_status":"open","sticky":false,"template":"","format":"standard","meta":{"_et_pb_use_builder":"","_et_pb_old_content":"","_et_gb_content_width":"","footnotes":""},"categories":[5],"tags":[],"class_list":["post-6846","post","type-post","status-publish","format-standard","hentry","category-articulo"],"yoast_head":"<!-- This site is optimized with the Yoast SEO plugin v20.9 - https:\/\/yoast.com\/wordpress\/plugins\/seo\/ -->\n<title>Cuando la mente enferma el cuerpo... | Imago: Terapia en Torrelodones<\/title>\n<meta name=\"description\" content=\"En la cara de Marta apareci\u00f3 un eczema que ninguna pomada solucionaba. Joel padec\u00eda s\u00edntomas al\u00e9rgicos, picores, estornudos y tos sin encontrar qu\u00e9 los causaba. Marisa ten\u00eda problemas digestivos y ni la colonoscopia dio con ninguna anomal\u00eda.\" \/>\n<meta name=\"robots\" content=\"noindex, follow, max-snippet:-1, max-image-preview:large, max-video-preview:-1\" \/>\n<meta property=\"og:locale\" content=\"es_ES\" \/>\n<meta property=\"og:type\" content=\"article\" \/>\n<meta property=\"og:title\" content=\"Cuando la mente enferma el cuerpo... | Imago: Terapia en Torrelodones\" \/>\n<meta property=\"og:description\" content=\"En la cara de Marta apareci\u00f3 un eczema que ninguna pomada solucionaba. Joel padec\u00eda s\u00edntomas al\u00e9rgicos, picores, estornudos y tos sin encontrar qu\u00e9 los causaba. Marisa ten\u00eda problemas digestivos y ni la colonoscopia dio con ninguna anomal\u00eda.\" \/>\n<meta property=\"og:url\" content=\"https:\/\/www.imagopsicologos.com\/nuevaweb\/cuando-la-mente-enferma-el-cuerpo\/\" \/>\n<meta property=\"og:site_name\" content=\"Imago: Terapia en Torrelodones\" \/>\n<meta property=\"article:publisher\" content=\"https:\/\/www.facebook.com\/imagopsicologos\/\" \/>\n<meta property=\"article:published_time\" content=\"2018-02-14T13:48:51+00:00\" \/>\n<meta property=\"og:image\" content=\"https:\/\/www.imagopsicologos.com\/nuevaweb\/wp-content\/uploads\/2023\/06\/logo-con-telefono-copia.jpeg\" \/>\n\t<meta property=\"og:image:width\" content=\"480\" \/>\n\t<meta property=\"og:image:height\" content=\"480\" \/>\n\t<meta property=\"og:image:type\" content=\"image\/jpeg\" \/>\n<meta name=\"author\" content=\"admin\" \/>\n<meta name=\"twitter:card\" content=\"summary_large_image\" \/>\n<meta name=\"twitter:label1\" content=\"Escrito por\" \/>\n\t<meta name=\"twitter:data1\" content=\"admin\" \/>\n\t<meta name=\"twitter:label2\" content=\"Tiempo de lectura\" \/>\n\t<meta name=\"twitter:data2\" content=\"8 minutos\" \/>\n<script type=\"application\/ld+json\" class=\"yoast-schema-graph\">{\"@context\":\"https:\/\/schema.org\",\"@graph\":[{\"@type\":\"Article\",\"@id\":\"https:\/\/www.imagopsicologos.com\/nuevaweb\/cuando-la-mente-enferma-el-cuerpo\/#article\",\"isPartOf\":{\"@id\":\"https:\/\/www.imagopsicologos.com\/nuevaweb\/cuando-la-mente-enferma-el-cuerpo\/\"},\"author\":{\"name\":\"admin\",\"@id\":\"https:\/\/www.imagopsicologos.com\/nuevaweb\/#\/schema\/person\/9239a95512d4c081a7328527a401e179\"},\"headline\":\"Cuando la mente enferma el cuerpo&#8230;\",\"datePublished\":\"2018-02-14T13:48:51+00:00\",\"dateModified\":\"2018-02-14T13:48:51+00:00\",\"mainEntityOfPage\":{\"@id\":\"https:\/\/www.imagopsicologos.com\/nuevaweb\/cuando-la-mente-enferma-el-cuerpo\/\"},\"wordCount\":1648,\"publisher\":{\"@id\":\"https:\/\/www.imagopsicologos.com\/nuevaweb\/#organization\"},\"articleSection\":[\"art\u00edculo\"],\"inLanguage\":\"es\"},{\"@type\":\"WebPage\",\"@id\":\"https:\/\/www.imagopsicologos.com\/nuevaweb\/cuando-la-mente-enferma-el-cuerpo\/\",\"url\":\"https:\/\/www.imagopsicologos.com\/nuevaweb\/cuando-la-mente-enferma-el-cuerpo\/\",\"name\":\"Cuando la mente enferma el cuerpo... | Imago: Terapia en Torrelodones\",\"isPartOf\":{\"@id\":\"https:\/\/www.imagopsicologos.com\/nuevaweb\/#website\"},\"datePublished\":\"2018-02-14T13:48:51+00:00\",\"dateModified\":\"2018-02-14T13:48:51+00:00\",\"description\":\"En la cara de Marta apareci\u00f3 un eczema que ninguna pomada solucionaba. Joel padec\u00eda s\u00edntomas al\u00e9rgicos, picores, estornudos y tos sin encontrar qu\u00e9 los causaba. Marisa ten\u00eda problemas digestivos y ni la colonoscopia dio con ninguna anomal\u00eda.\",\"breadcrumb\":{\"@id\":\"https:\/\/www.imagopsicologos.com\/nuevaweb\/cuando-la-mente-enferma-el-cuerpo\/#breadcrumb\"},\"inLanguage\":\"es\",\"potentialAction\":[{\"@type\":\"ReadAction\",\"target\":[\"https:\/\/www.imagopsicologos.com\/nuevaweb\/cuando-la-mente-enferma-el-cuerpo\/\"]}]},{\"@type\":\"BreadcrumbList\",\"@id\":\"https:\/\/www.imagopsicologos.com\/nuevaweb\/cuando-la-mente-enferma-el-cuerpo\/#breadcrumb\",\"itemListElement\":[{\"@type\":\"ListItem\",\"position\":1,\"name\":\"Portada\",\"item\":\"https:\/\/www.imagopsicologos.com\/nuevaweb\/\"},{\"@type\":\"ListItem\",\"position\":2,\"name\":\"Cuando la mente enferma el cuerpo&#8230;\"}]},{\"@type\":\"WebSite\",\"@id\":\"https:\/\/www.imagopsicologos.com\/nuevaweb\/#website\",\"url\":\"https:\/\/www.imagopsicologos.com\/nuevaweb\/\",\"name\":\"Imago: Terapia en Torrelodones\",\"description\":\"Psicoterapia en Torrelodones en Torrelodones\",\"publisher\":{\"@id\":\"https:\/\/www.imagopsicologos.com\/nuevaweb\/#organization\"},\"alternateName\":\"Centro de psicoterapia en Torrelodones\",\"potentialAction\":[{\"@type\":\"SearchAction\",\"target\":{\"@type\":\"EntryPoint\",\"urlTemplate\":\"https:\/\/www.imagopsicologos.com\/nuevaweb\/?s={search_term_string}\"},\"query-input\":\"required name=search_term_string\"}],\"inLanguage\":\"es\"},{\"@type\":\"Organization\",\"@id\":\"https:\/\/www.imagopsicologos.com\/nuevaweb\/#organization\",\"name\":\"Imago: Terapia en Torrelodones\",\"url\":\"https:\/\/www.imagopsicologos.com\/nuevaweb\/\",\"logo\":{\"@type\":\"ImageObject\",\"inLanguage\":\"es\",\"@id\":\"https:\/\/www.imagopsicologos.com\/nuevaweb\/#\/schema\/logo\/image\/\",\"url\":\"https:\/\/www.imagopsicologos.com\/nuevaweb\/wp-content\/uploads\/2023\/06\/logo-con-telefono-copia.jpeg\",\"contentUrl\":\"https:\/\/www.imagopsicologos.com\/nuevaweb\/wp-content\/uploads\/2023\/06\/logo-con-telefono-copia.jpeg\",\"width\":480,\"height\":480,\"caption\":\"Imago: Terapia en Torrelodones\"},\"image\":{\"@id\":\"https:\/\/www.imagopsicologos.com\/nuevaweb\/#\/schema\/logo\/image\/\"},\"sameAs\":[\"https:\/\/www.facebook.com\/imagopsicologos\/\"]},{\"@type\":\"Person\",\"@id\":\"https:\/\/www.imagopsicologos.com\/nuevaweb\/#\/schema\/person\/9239a95512d4c081a7328527a401e179\",\"name\":\"admin\",\"image\":{\"@type\":\"ImageObject\",\"inLanguage\":\"es\",\"@id\":\"https:\/\/www.imagopsicologos.com\/nuevaweb\/#\/schema\/person\/image\/\",\"url\":\"https:\/\/secure.gravatar.com\/avatar\/899e4ee70cf3334f8869cd9dfa591cdd3e01232bfd02f7244f9f127390634012?s=96&d=mm&r=g\",\"contentUrl\":\"https:\/\/secure.gravatar.com\/avatar\/899e4ee70cf3334f8869cd9dfa591cdd3e01232bfd02f7244f9f127390634012?s=96&d=mm&r=g\",\"caption\":\"admin\"},\"sameAs\":[\"https:\/\/www.imagopsicologos.com\/nuevaweb\"],\"url\":\"https:\/\/www.imagopsicologos.com\/nuevaweb\/author\/admin\/\"}]}<\/script>\n<!-- \/ Yoast SEO plugin. -->","yoast_head_json":{"title":"Cuando la mente enferma el cuerpo... | Imago: Terapia en Torrelodones","description":"En la cara de Marta apareci\u00f3 un eczema que ninguna pomada solucionaba. Joel padec\u00eda s\u00edntomas al\u00e9rgicos, picores, estornudos y tos sin encontrar qu\u00e9 los causaba. Marisa ten\u00eda problemas digestivos y ni la colonoscopia dio con ninguna anomal\u00eda.","robots":{"index":"noindex","follow":"follow","max-snippet":"max-snippet:-1","max-image-preview":"max-image-preview:large","max-video-preview":"max-video-preview:-1"},"og_locale":"es_ES","og_type":"article","og_title":"Cuando la mente enferma el cuerpo... | Imago: Terapia en Torrelodones","og_description":"En la cara de Marta apareci\u00f3 un eczema que ninguna pomada solucionaba. Joel padec\u00eda s\u00edntomas al\u00e9rgicos, picores, estornudos y tos sin encontrar qu\u00e9 los causaba. Marisa ten\u00eda problemas digestivos y ni la colonoscopia dio con ninguna anomal\u00eda.","og_url":"https:\/\/www.imagopsicologos.com\/nuevaweb\/cuando-la-mente-enferma-el-cuerpo\/","og_site_name":"Imago: Terapia en Torrelodones","article_publisher":"https:\/\/www.facebook.com\/imagopsicologos\/","article_published_time":"2018-02-14T13:48:51+00:00","og_image":[{"width":480,"height":480,"url":"https:\/\/www.imagopsicologos.com\/nuevaweb\/wp-content\/uploads\/2023\/06\/logo-con-telefono-copia.jpeg","type":"image\/jpeg"}],"author":"admin","twitter_card":"summary_large_image","twitter_misc":{"Escrito por":"admin","Tiempo de lectura":"8 minutos"},"schema":{"@context":"https:\/\/schema.org","@graph":[{"@type":"Article","@id":"https:\/\/www.imagopsicologos.com\/nuevaweb\/cuando-la-mente-enferma-el-cuerpo\/#article","isPartOf":{"@id":"https:\/\/www.imagopsicologos.com\/nuevaweb\/cuando-la-mente-enferma-el-cuerpo\/"},"author":{"name":"admin","@id":"https:\/\/www.imagopsicologos.com\/nuevaweb\/#\/schema\/person\/9239a95512d4c081a7328527a401e179"},"headline":"Cuando la mente enferma el cuerpo&#8230;","datePublished":"2018-02-14T13:48:51+00:00","dateModified":"2018-02-14T13:48:51+00:00","mainEntityOfPage":{"@id":"https:\/\/www.imagopsicologos.com\/nuevaweb\/cuando-la-mente-enferma-el-cuerpo\/"},"wordCount":1648,"publisher":{"@id":"https:\/\/www.imagopsicologos.com\/nuevaweb\/#organization"},"articleSection":["art\u00edculo"],"inLanguage":"es"},{"@type":"WebPage","@id":"https:\/\/www.imagopsicologos.com\/nuevaweb\/cuando-la-mente-enferma-el-cuerpo\/","url":"https:\/\/www.imagopsicologos.com\/nuevaweb\/cuando-la-mente-enferma-el-cuerpo\/","name":"Cuando la mente enferma el cuerpo... | Imago: Terapia en Torrelodones","isPartOf":{"@id":"https:\/\/www.imagopsicologos.com\/nuevaweb\/#website"},"datePublished":"2018-02-14T13:48:51+00:00","dateModified":"2018-02-14T13:48:51+00:00","description":"En la cara de Marta apareci\u00f3 un eczema que ninguna pomada solucionaba. Joel padec\u00eda s\u00edntomas al\u00e9rgicos, picores, estornudos y tos sin encontrar qu\u00e9 los causaba. Marisa ten\u00eda problemas digestivos y ni la colonoscopia dio con ninguna anomal\u00eda.","breadcrumb":{"@id":"https:\/\/www.imagopsicologos.com\/nuevaweb\/cuando-la-mente-enferma-el-cuerpo\/#breadcrumb"},"inLanguage":"es","potentialAction":[{"@type":"ReadAction","target":["https:\/\/www.imagopsicologos.com\/nuevaweb\/cuando-la-mente-enferma-el-cuerpo\/"]}]},{"@type":"BreadcrumbList","@id":"https:\/\/www.imagopsicologos.com\/nuevaweb\/cuando-la-mente-enferma-el-cuerpo\/#breadcrumb","itemListElement":[{"@type":"ListItem","position":1,"name":"Portada","item":"https:\/\/www.imagopsicologos.com\/nuevaweb\/"},{"@type":"ListItem","position":2,"name":"Cuando la mente enferma el cuerpo&#8230;"}]},{"@type":"WebSite","@id":"https:\/\/www.imagopsicologos.com\/nuevaweb\/#website","url":"https:\/\/www.imagopsicologos.com\/nuevaweb\/","name":"Imago: Terapia en Torrelodones","description":"Psicoterapia en Torrelodones en Torrelodones","publisher":{"@id":"https:\/\/www.imagopsicologos.com\/nuevaweb\/#organization"},"alternateName":"Centro de psicoterapia en Torrelodones","potentialAction":[{"@type":"SearchAction","target":{"@type":"EntryPoint","urlTemplate":"https:\/\/www.imagopsicologos.com\/nuevaweb\/?s={search_term_string}"},"query-input":"required name=search_term_string"}],"inLanguage":"es"},{"@type":"Organization","@id":"https:\/\/www.imagopsicologos.com\/nuevaweb\/#organization","name":"Imago: Terapia en Torrelodones","url":"https:\/\/www.imagopsicologos.com\/nuevaweb\/","logo":{"@type":"ImageObject","inLanguage":"es","@id":"https:\/\/www.imagopsicologos.com\/nuevaweb\/#\/schema\/logo\/image\/","url":"https:\/\/www.imagopsicologos.com\/nuevaweb\/wp-content\/uploads\/2023\/06\/logo-con-telefono-copia.jpeg","contentUrl":"https:\/\/www.imagopsicologos.com\/nuevaweb\/wp-content\/uploads\/2023\/06\/logo-con-telefono-copia.jpeg","width":480,"height":480,"caption":"Imago: Terapia en Torrelodones"},"image":{"@id":"https:\/\/www.imagopsicologos.com\/nuevaweb\/#\/schema\/logo\/image\/"},"sameAs":["https:\/\/www.facebook.com\/imagopsicologos\/"]},{"@type":"Person","@id":"https:\/\/www.imagopsicologos.com\/nuevaweb\/#\/schema\/person\/9239a95512d4c081a7328527a401e179","name":"admin","image":{"@type":"ImageObject","inLanguage":"es","@id":"https:\/\/www.imagopsicologos.com\/nuevaweb\/#\/schema\/person\/image\/","url":"https:\/\/secure.gravatar.com\/avatar\/899e4ee70cf3334f8869cd9dfa591cdd3e01232bfd02f7244f9f127390634012?s=96&d=mm&r=g","contentUrl":"https:\/\/secure.gravatar.com\/avatar\/899e4ee70cf3334f8869cd9dfa591cdd3e01232bfd02f7244f9f127390634012?s=96&d=mm&r=g","caption":"admin"},"sameAs":["https:\/\/www.imagopsicologos.com\/nuevaweb"],"url":"https:\/\/www.imagopsicologos.com\/nuevaweb\/author\/admin\/"}]}},"_links":{"self":[{"href":"https:\/\/www.imagopsicologos.com\/nuevaweb\/wp-json\/wp\/v2\/posts\/6846","targetHints":{"allow":["GET"]}}],"collection":[{"href":"https:\/\/www.imagopsicologos.com\/nuevaweb\/wp-json\/wp\/v2\/posts"}],"about":[{"href":"https:\/\/www.imagopsicologos.com\/nuevaweb\/wp-json\/wp\/v2\/types\/post"}],"author":[{"embeddable":true,"href":"https:\/\/www.imagopsicologos.com\/nuevaweb\/wp-json\/wp\/v2\/users\/1"}],"replies":[{"embeddable":true,"href":"https:\/\/www.imagopsicologos.com\/nuevaweb\/wp-json\/wp\/v2\/comments?post=6846"}],"version-history":[{"count":0,"href":"https:\/\/www.imagopsicologos.com\/nuevaweb\/wp-json\/wp\/v2\/posts\/6846\/revisions"}],"wp:attachment":[{"href":"https:\/\/www.imagopsicologos.com\/nuevaweb\/wp-json\/wp\/v2\/media?parent=6846"}],"wp:term":[{"taxonomy":"category","embeddable":true,"href":"https:\/\/www.imagopsicologos.com\/nuevaweb\/wp-json\/wp\/v2\/categories?post=6846"},{"taxonomy":"post_tag","embeddable":true,"href":"https:\/\/www.imagopsicologos.com\/nuevaweb\/wp-json\/wp\/v2\/tags?post=6846"}],"curies":[{"name":"wp","href":"https:\/\/api.w.org\/{rel}","templated":true}]}}