{"id":6831,"date":"2019-02-13T17:00:41","date_gmt":"2019-02-13T17:00:41","guid":{"rendered":"https:\/\/www.imagopsicologos.com\/nuevaweb\/?p=6481"},"modified":"2019-02-13T17:00:41","modified_gmt":"2019-02-13T17:00:41","slug":"como-actuar-con-un-adolescente-dificil","status":"publish","type":"post","link":"https:\/\/www.imagopsicologos.com\/nuevaweb\/como-actuar-con-un-adolescente-dificil\/","title":{"rendered":"\u00bfC\u00f3mo actuar con un adolescente dif\u00edcil?"},"content":{"rendered":"\n<p>No necesitamos abundar en detalles acerca\nde lo complicado que es convivir con un adolescente, c\u00f3mo influye en la\natm\u00f3sfera de la casa y en la relaci\u00f3n entre sus padres y con sus hermanos.&nbsp; <\/p>\n\n\n\n<p>La mayor parte del tiempo, lo que nos\nmuestra nuestro adolescente son por ejemplo, cambios de humor que no\nentendemos,&nbsp; un pasotismo desconcertante\no rechazo a todo lo que viene de los padres. Otras veces se trata de problemas\ncon la alimentaci\u00f3n, conductas claramente violentas o adicciones.<\/p>\n\n\n\n<p>No coloquemos en un mismo saco todo lo\nque observamos en nuestros hijos\/as adolescentes. Es importante delimitar\ncu\u00e1ndo estamos frente a dificultades propias del crecimiento,&nbsp; no por eso libre de conflictos, y cu\u00e1ndo\nfrente a comportamientos peligrosos que requieren de ayuda especializada.<\/p>\n\n\n\n<p>Si el adolescente no habla es en buena\nmedida, porque no sabe identificar bien lo que siente y mucho menos expresarlo\nen palabras. Es as\u00ed que se ve lanzado a actuar m\u00e1s que a hablar y que su\nmalestar se expresa m\u00e1s por medio de sus actos que de sus palabras.&nbsp; El suyo es un sufrimiento, confusamente\nsentido, informulable y en una palabra, inconsciente.<\/p>\n\n\n\n<p>Es a nosotros,&nbsp; los adultos cercanos a quienes nos compete\nfacilitarles el&nbsp; camino para traducir su malestar,\n(ese que habr\u00eda manifestado si hubiera sabido reconocerlo&nbsp; y expresarlo) a trav\u00e9s de la v\u00eda de hablar y\ncompartir con un profesional que podr\u00e1 ayudarlo a ir identificando y aclarando\nsus sensaciones de malestar difusas. <\/p>\n\n\n\n<p>Los padres no son los llamados a\nacompa\u00f1arlos en este camino, los chicos est\u00e1n en un l\u00f3gico y necesario proceso\nde toma de distancia de sus padres&nbsp;\nnecesitan un interlocutor ajeno a la familia para poder abrirse y\ncompartir lo que les preocupa. Vendr\u00e1n otros tiempos en que quieran acercarse a\nsus padres.<\/p>\n\n\n\n<p>Esto no quiere decir que los padres no\ntengan un papel muy importante para ayudarlos <\/p>\n\n\n\n<p>\u00bfC\u00f3mo actuar entonces? Lo veremos en un\npr\u00f3ximo post.<\/p>\n","protected":false},"excerpt":{"rendered":"<p>No necesitamos abundar en detalles acerca de lo complicado que es convivir con un adolescente, c\u00f3mo influye en la atm\u00f3sfera de la casa y en la relaci\u00f3n entre sus padres y con sus hermanos.&nbsp; La mayor parte del tiempo, lo que nos muestra nuestro adolescente son por ejemplo, cambios de humor que no entendemos,&nbsp; un [&hellip;]<\/p>\n","protected":false},"author":1,"featured_media":6832,"comment_status":"closed","ping_status":"open","sticky":false,"template":"","format":"standard","meta":{"_et_pb_use_builder":"","_et_pb_old_content":"","_et_gb_content_width":"","footnotes":""},"categories":[4],"tags":[],"class_list":["post-6831","post","type-post","status-publish","format-standard","has-post-thumbnail","hentry","category-psicoterapia"],"yoast_head":"<!-- This site is optimized with the Yoast SEO plugin v20.9 - https:\/\/yoast.com\/wordpress\/plugins\/seo\/ -->\n<title>\u00bfC\u00f3mo actuar con un adolescente dif\u00edcil? | Imago: Terapia en Torrelodones<\/title>\n<meta name=\"robots\" content=\"noindex, follow, max-snippet:-1, max-image-preview:large, max-video-preview:-1\" \/>\n<meta property=\"og:locale\" content=\"es_ES\" \/>\n<meta property=\"og:type\" content=\"article\" \/>\n<meta property=\"og:title\" content=\"\u00bfC\u00f3mo actuar con un adolescente dif\u00edcil? | Imago: Terapia en Torrelodones\" \/>\n<meta property=\"og:description\" content=\"No necesitamos abundar en detalles acerca de lo complicado que es convivir con un adolescente, c\u00f3mo influye en la atm\u00f3sfera de la casa y en la relaci\u00f3n entre sus padres y con sus hermanos.&nbsp; La mayor parte del tiempo, lo que nos muestra nuestro adolescente son por ejemplo, cambios de humor que no entendemos,&nbsp; un [&hellip;]\" \/>\n<meta property=\"og:url\" content=\"https:\/\/www.imagopsicologos.com\/nuevaweb\/como-actuar-con-un-adolescente-dificil\/\" \/>\n<meta property=\"og:site_name\" content=\"Imago: Terapia en Torrelodones\" \/>\n<meta property=\"article:publisher\" content=\"https:\/\/www.facebook.com\/imagopsicologos\/\" \/>\n<meta property=\"article:published_time\" content=\"2019-02-13T17:00:41+00:00\" \/>\n<meta property=\"og:image\" content=\"https:\/\/www.imagopsicologos.com\/nuevaweb\/wp-content\/uploads\/2019\/02\/como-actuar-con-un-adolescente-dificil.jpg\" \/>\n\t<meta property=\"og:image:width\" content=\"505\" \/>\n\t<meta property=\"og:image:height\" content=\"631\" \/>\n\t<meta property=\"og:image:type\" content=\"image\/jpeg\" \/>\n<meta name=\"author\" content=\"admin\" \/>\n<meta name=\"twitter:card\" content=\"summary_large_image\" \/>\n<meta name=\"twitter:label1\" content=\"Escrito por\" \/>\n\t<meta name=\"twitter:data1\" content=\"admin\" \/>\n\t<meta name=\"twitter:label2\" content=\"Tiempo de lectura\" \/>\n\t<meta name=\"twitter:data2\" content=\"2 minutos\" \/>\n<script type=\"application\/ld+json\" class=\"yoast-schema-graph\">{\"@context\":\"https:\/\/schema.org\",\"@graph\":[{\"@type\":\"Article\",\"@id\":\"https:\/\/www.imagopsicologos.com\/nuevaweb\/como-actuar-con-un-adolescente-dificil\/#article\",\"isPartOf\":{\"@id\":\"https:\/\/www.imagopsicologos.com\/nuevaweb\/como-actuar-con-un-adolescente-dificil\/\"},\"author\":{\"name\":\"admin\",\"@id\":\"https:\/\/www.imagopsicologos.com\/nuevaweb\/#\/schema\/person\/9239a95512d4c081a7328527a401e179\"},\"headline\":\"\u00bfC\u00f3mo actuar con un adolescente dif\u00edcil?\",\"datePublished\":\"2019-02-13T17:00:41+00:00\",\"dateModified\":\"2019-02-13T17:00:41+00:00\",\"mainEntityOfPage\":{\"@id\":\"https:\/\/www.imagopsicologos.com\/nuevaweb\/como-actuar-con-un-adolescente-dificil\/\"},\"wordCount\":350,\"publisher\":{\"@id\":\"https:\/\/www.imagopsicologos.com\/nuevaweb\/#organization\"},\"articleSection\":[\"Psicoterapia\"],\"inLanguage\":\"es\"},{\"@type\":\"WebPage\",\"@id\":\"https:\/\/www.imagopsicologos.com\/nuevaweb\/como-actuar-con-un-adolescente-dificil\/\",\"url\":\"https:\/\/www.imagopsicologos.com\/nuevaweb\/como-actuar-con-un-adolescente-dificil\/\",\"name\":\"\u00bfC\u00f3mo actuar con un adolescente dif\u00edcil? | Imago: Terapia en Torrelodones\",\"isPartOf\":{\"@id\":\"https:\/\/www.imagopsicologos.com\/nuevaweb\/#website\"},\"datePublished\":\"2019-02-13T17:00:41+00:00\",\"dateModified\":\"2019-02-13T17:00:41+00:00\",\"breadcrumb\":{\"@id\":\"https:\/\/www.imagopsicologos.com\/nuevaweb\/como-actuar-con-un-adolescente-dificil\/#breadcrumb\"},\"inLanguage\":\"es\",\"potentialAction\":[{\"@type\":\"ReadAction\",\"target\":[\"https:\/\/www.imagopsicologos.com\/nuevaweb\/como-actuar-con-un-adolescente-dificil\/\"]}]},{\"@type\":\"BreadcrumbList\",\"@id\":\"https:\/\/www.imagopsicologos.com\/nuevaweb\/como-actuar-con-un-adolescente-dificil\/#breadcrumb\",\"itemListElement\":[{\"@type\":\"ListItem\",\"position\":1,\"name\":\"Portada\",\"item\":\"https:\/\/www.imagopsicologos.com\/nuevaweb\/\"},{\"@type\":\"ListItem\",\"position\":2,\"name\":\"\u00bfC\u00f3mo actuar con un adolescente dif\u00edcil?\"}]},{\"@type\":\"WebSite\",\"@id\":\"https:\/\/www.imagopsicologos.com\/nuevaweb\/#website\",\"url\":\"https:\/\/www.imagopsicologos.com\/nuevaweb\/\",\"name\":\"Imago: Terapia en Torrelodones\",\"description\":\"Psicoterapia en Torrelodones en Torrelodones\",\"publisher\":{\"@id\":\"https:\/\/www.imagopsicologos.com\/nuevaweb\/#organization\"},\"alternateName\":\"Centro de psicoterapia en Torrelodones\",\"potentialAction\":[{\"@type\":\"SearchAction\",\"target\":{\"@type\":\"EntryPoint\",\"urlTemplate\":\"https:\/\/www.imagopsicologos.com\/nuevaweb\/?s={search_term_string}\"},\"query-input\":\"required name=search_term_string\"}],\"inLanguage\":\"es\"},{\"@type\":\"Organization\",\"@id\":\"https:\/\/www.imagopsicologos.com\/nuevaweb\/#organization\",\"name\":\"Imago: Terapia en Torrelodones\",\"url\":\"https:\/\/www.imagopsicologos.com\/nuevaweb\/\",\"logo\":{\"@type\":\"ImageObject\",\"inLanguage\":\"es\",\"@id\":\"https:\/\/www.imagopsicologos.com\/nuevaweb\/#\/schema\/logo\/image\/\",\"url\":\"https:\/\/www.imagopsicologos.com\/nuevaweb\/wp-content\/uploads\/2023\/06\/logo-con-telefono-copia.jpeg\",\"contentUrl\":\"https:\/\/www.imagopsicologos.com\/nuevaweb\/wp-content\/uploads\/2023\/06\/logo-con-telefono-copia.jpeg\",\"width\":480,\"height\":480,\"caption\":\"Imago: Terapia en Torrelodones\"},\"image\":{\"@id\":\"https:\/\/www.imagopsicologos.com\/nuevaweb\/#\/schema\/logo\/image\/\"},\"sameAs\":[\"https:\/\/www.facebook.com\/imagopsicologos\/\"]},{\"@type\":\"Person\",\"@id\":\"https:\/\/www.imagopsicologos.com\/nuevaweb\/#\/schema\/person\/9239a95512d4c081a7328527a401e179\",\"name\":\"admin\",\"image\":{\"@type\":\"ImageObject\",\"inLanguage\":\"es\",\"@id\":\"https:\/\/www.imagopsicologos.com\/nuevaweb\/#\/schema\/person\/image\/\",\"url\":\"https:\/\/secure.gravatar.com\/avatar\/899e4ee70cf3334f8869cd9dfa591cdd3e01232bfd02f7244f9f127390634012?s=96&d=mm&r=g\",\"contentUrl\":\"https:\/\/secure.gravatar.com\/avatar\/899e4ee70cf3334f8869cd9dfa591cdd3e01232bfd02f7244f9f127390634012?s=96&d=mm&r=g\",\"caption\":\"admin\"},\"sameAs\":[\"https:\/\/www.imagopsicologos.com\/nuevaweb\"],\"url\":\"https:\/\/www.imagopsicologos.com\/nuevaweb\/author\/admin\/\"}]}<\/script>\n<!-- \/ Yoast SEO plugin. -->","yoast_head_json":{"title":"\u00bfC\u00f3mo actuar con un adolescente dif\u00edcil? | Imago: Terapia en Torrelodones","robots":{"index":"noindex","follow":"follow","max-snippet":"max-snippet:-1","max-image-preview":"max-image-preview:large","max-video-preview":"max-video-preview:-1"},"og_locale":"es_ES","og_type":"article","og_title":"\u00bfC\u00f3mo actuar con un adolescente dif\u00edcil? | Imago: Terapia en Torrelodones","og_description":"No necesitamos abundar en detalles acerca de lo complicado que es convivir con un adolescente, c\u00f3mo influye en la atm\u00f3sfera de la casa y en la relaci\u00f3n entre sus padres y con sus hermanos.&nbsp; La mayor parte del tiempo, lo que nos muestra nuestro adolescente son por ejemplo, cambios de humor que no entendemos,&nbsp; un [&hellip;]","og_url":"https:\/\/www.imagopsicologos.com\/nuevaweb\/como-actuar-con-un-adolescente-dificil\/","og_site_name":"Imago: Terapia en Torrelodones","article_publisher":"https:\/\/www.facebook.com\/imagopsicologos\/","article_published_time":"2019-02-13T17:00:41+00:00","og_image":[{"width":505,"height":631,"url":"https:\/\/www.imagopsicologos.com\/nuevaweb\/wp-content\/uploads\/2019\/02\/como-actuar-con-un-adolescente-dificil.jpg","type":"image\/jpeg"}],"author":"admin","twitter_card":"summary_large_image","twitter_misc":{"Escrito por":"admin","Tiempo de lectura":"2 minutos"},"schema":{"@context":"https:\/\/schema.org","@graph":[{"@type":"Article","@id":"https:\/\/www.imagopsicologos.com\/nuevaweb\/como-actuar-con-un-adolescente-dificil\/#article","isPartOf":{"@id":"https:\/\/www.imagopsicologos.com\/nuevaweb\/como-actuar-con-un-adolescente-dificil\/"},"author":{"name":"admin","@id":"https:\/\/www.imagopsicologos.com\/nuevaweb\/#\/schema\/person\/9239a95512d4c081a7328527a401e179"},"headline":"\u00bfC\u00f3mo actuar con un adolescente dif\u00edcil?","datePublished":"2019-02-13T17:00:41+00:00","dateModified":"2019-02-13T17:00:41+00:00","mainEntityOfPage":{"@id":"https:\/\/www.imagopsicologos.com\/nuevaweb\/como-actuar-con-un-adolescente-dificil\/"},"wordCount":350,"publisher":{"@id":"https:\/\/www.imagopsicologos.com\/nuevaweb\/#organization"},"articleSection":["Psicoterapia"],"inLanguage":"es"},{"@type":"WebPage","@id":"https:\/\/www.imagopsicologos.com\/nuevaweb\/como-actuar-con-un-adolescente-dificil\/","url":"https:\/\/www.imagopsicologos.com\/nuevaweb\/como-actuar-con-un-adolescente-dificil\/","name":"\u00bfC\u00f3mo actuar con un adolescente dif\u00edcil? | Imago: Terapia en Torrelodones","isPartOf":{"@id":"https:\/\/www.imagopsicologos.com\/nuevaweb\/#website"},"datePublished":"2019-02-13T17:00:41+00:00","dateModified":"2019-02-13T17:00:41+00:00","breadcrumb":{"@id":"https:\/\/www.imagopsicologos.com\/nuevaweb\/como-actuar-con-un-adolescente-dificil\/#breadcrumb"},"inLanguage":"es","potentialAction":[{"@type":"ReadAction","target":["https:\/\/www.imagopsicologos.com\/nuevaweb\/como-actuar-con-un-adolescente-dificil\/"]}]},{"@type":"BreadcrumbList","@id":"https:\/\/www.imagopsicologos.com\/nuevaweb\/como-actuar-con-un-adolescente-dificil\/#breadcrumb","itemListElement":[{"@type":"ListItem","position":1,"name":"Portada","item":"https:\/\/www.imagopsicologos.com\/nuevaweb\/"},{"@type":"ListItem","position":2,"name":"\u00bfC\u00f3mo actuar con un adolescente dif\u00edcil?"}]},{"@type":"WebSite","@id":"https:\/\/www.imagopsicologos.com\/nuevaweb\/#website","url":"https:\/\/www.imagopsicologos.com\/nuevaweb\/","name":"Imago: Terapia en Torrelodones","description":"Psicoterapia en Torrelodones en Torrelodones","publisher":{"@id":"https:\/\/www.imagopsicologos.com\/nuevaweb\/#organization"},"alternateName":"Centro de psicoterapia en Torrelodones","potentialAction":[{"@type":"SearchAction","target":{"@type":"EntryPoint","urlTemplate":"https:\/\/www.imagopsicologos.com\/nuevaweb\/?s={search_term_string}"},"query-input":"required name=search_term_string"}],"inLanguage":"es"},{"@type":"Organization","@id":"https:\/\/www.imagopsicologos.com\/nuevaweb\/#organization","name":"Imago: Terapia en Torrelodones","url":"https:\/\/www.imagopsicologos.com\/nuevaweb\/","logo":{"@type":"ImageObject","inLanguage":"es","@id":"https:\/\/www.imagopsicologos.com\/nuevaweb\/#\/schema\/logo\/image\/","url":"https:\/\/www.imagopsicologos.com\/nuevaweb\/wp-content\/uploads\/2023\/06\/logo-con-telefono-copia.jpeg","contentUrl":"https:\/\/www.imagopsicologos.com\/nuevaweb\/wp-content\/uploads\/2023\/06\/logo-con-telefono-copia.jpeg","width":480,"height":480,"caption":"Imago: Terapia en Torrelodones"},"image":{"@id":"https:\/\/www.imagopsicologos.com\/nuevaweb\/#\/schema\/logo\/image\/"},"sameAs":["https:\/\/www.facebook.com\/imagopsicologos\/"]},{"@type":"Person","@id":"https:\/\/www.imagopsicologos.com\/nuevaweb\/#\/schema\/person\/9239a95512d4c081a7328527a401e179","name":"admin","image":{"@type":"ImageObject","inLanguage":"es","@id":"https:\/\/www.imagopsicologos.com\/nuevaweb\/#\/schema\/person\/image\/","url":"https:\/\/secure.gravatar.com\/avatar\/899e4ee70cf3334f8869cd9dfa591cdd3e01232bfd02f7244f9f127390634012?s=96&d=mm&r=g","contentUrl":"https:\/\/secure.gravatar.com\/avatar\/899e4ee70cf3334f8869cd9dfa591cdd3e01232bfd02f7244f9f127390634012?s=96&d=mm&r=g","caption":"admin"},"sameAs":["https:\/\/www.imagopsicologos.com\/nuevaweb"],"url":"https:\/\/www.imagopsicologos.com\/nuevaweb\/author\/admin\/"}]}},"_links":{"self":[{"href":"https:\/\/www.imagopsicologos.com\/nuevaweb\/wp-json\/wp\/v2\/posts\/6831","targetHints":{"allow":["GET"]}}],"collection":[{"href":"https:\/\/www.imagopsicologos.com\/nuevaweb\/wp-json\/wp\/v2\/posts"}],"about":[{"href":"https:\/\/www.imagopsicologos.com\/nuevaweb\/wp-json\/wp\/v2\/types\/post"}],"author":[{"embeddable":true,"href":"https:\/\/www.imagopsicologos.com\/nuevaweb\/wp-json\/wp\/v2\/users\/1"}],"replies":[{"embeddable":true,"href":"https:\/\/www.imagopsicologos.com\/nuevaweb\/wp-json\/wp\/v2\/comments?post=6831"}],"version-history":[{"count":0,"href":"https:\/\/www.imagopsicologos.com\/nuevaweb\/wp-json\/wp\/v2\/posts\/6831\/revisions"}],"wp:featuredmedia":[{"embeddable":true,"href":"https:\/\/www.imagopsicologos.com\/nuevaweb\/wp-json\/wp\/v2\/media\/6832"}],"wp:attachment":[{"href":"https:\/\/www.imagopsicologos.com\/nuevaweb\/wp-json\/wp\/v2\/media?parent=6831"}],"wp:term":[{"taxonomy":"category","embeddable":true,"href":"https:\/\/www.imagopsicologos.com\/nuevaweb\/wp-json\/wp\/v2\/categories?post=6831"},{"taxonomy":"post_tag","embeddable":true,"href":"https:\/\/www.imagopsicologos.com\/nuevaweb\/wp-json\/wp\/v2\/tags?post=6831"}],"curies":[{"name":"wp","href":"https:\/\/api.w.org\/{rel}","templated":true}]}}