{"id":6829,"date":"2019-07-18T11:14:49","date_gmt":"2019-07-18T11:14:49","guid":{"rendered":"https:\/\/www.imagopsicologos.com\/nuevaweb\/?p=6490"},"modified":"2019-07-18T11:14:49","modified_gmt":"2019-07-18T11:14:49","slug":"adolescentes-dificiles-2-que-hacemos","status":"publish","type":"post","link":"https:\/\/www.imagopsicologos.com\/nuevaweb\/adolescentes-dificiles-2-que-hacemos\/","title":{"rendered":"ADOLESCENTES DIF\u00cdCILES 2 \u00bfQU\u00c9 HACEMOS?"},"content":{"rendered":"<blockquote><p><em>\u201cSi Usted quiere que su adolescente cambie, cambie la mirada que usted tiene de \u00e9l\u201d (Juan D. Nasio Psiquiatra, Psicoanalista)<\/em><\/p>\n<p>He escuchado a muchos padres y madres a lo largo de mi pr\u00e1ctica profesional. Padres al l\u00edmite de sus fuerzas, col\u00e9ricos, abatidos y desorientados frente al comportamiento de sus hijos adolescentes. A pesar de que no me canso de se\u00f1alarles que cada familia y cada adolescente es un mundo y que por tanto hay que comenzar conoci\u00e9ndolo, intuir quien es ese ser humano \u201cen construcci\u00f3n\u201d con todas las turbulencias que ello supone y al que a pesar de haberlo tra\u00eddo al mundo es ahora un gran desconocido\/a . Y digo \u201ccomenzar conoci\u00e9ndolo\u201d porque los padres vienen buscando instrucciones, pautas y procederes y cuando les digo : \u201cOjo, no hay consejos ni manuales de instrucci\u00f3n que sirvan para todos\u201d \u00a0adem\u00e1s la guerra con el adolescente en casa suele ser el resultado de a\u00f1os previos de peque\u00f1os desencuentros entre padres e hijos, desencuentros no explicitados ni resueltos que aparecen ahora que el adolescente no se calla.<\/p>\n<p>Unos padres me dec\u00edan en d\u00edas pasados \u201ces cierto \u2026 desde que era un ni\u00f1o peque\u00f1o era pele\u00f3n, molestaba a sus hermanas, los profesores del parvulario nos dec\u00edan que pegaba a sus compa\u00f1eros pero nosotros pens\u00e1bamos que eran cosas de ni\u00f1os, que era muy energ\u00e9tico y que ya le pasar\u00eda\u201d<\/p>\n<p>Comprendo su angustia y su urgencia por encontrar algo a qu\u00e9 aferrarse, alguna pista para abordar lo que viven con mucho dolor o como un callej\u00f3n sin salida.<\/p>\n<p>Lo que viene a continuaci\u00f3n no son recetas ni trucos ni\u00a0 f\u00f3rmulas, son criterios en buena medida de sentido com\u00fan que pueden servir para serenarse un poco y para que a partir de un estado de \u00e1nimo m\u00e1s tranquilo les sea posible re situarse ante el torbellino que est\u00e1 viviendo con SU adolescente.<\/p>\n<p>Poner en pr\u00e1ctica estos criterios no es f\u00e1cil ni sus efectos son r\u00e1pidos. Han sido tomados del libro \u201c\u00bf<em>C\u00f3mo actuar con un adolescente dif\u00edcil?\u201d<\/em> de Juan David Nasio\u201d <a href=\"#_ftn1\" name=\"_ftnref1\">[1]<\/a> cuya lectura recomiendo para profundizar acerca de lo que es la adolescencia y qu\u00e9 pueden hacer los padres para \u201csobrevivir\u201d a ella .<\/p>\n<p>&nbsp;<\/p>\n<ol>\n<li><strong>ESPERAR<\/strong> : Recuerde <strong>siempre<\/strong> que el mejor remedio para un chico o chica que se ha vuelto dif\u00edcil al llegar a la adolescencia es <strong>que el tiempo pase<\/strong>. Es cierto que mientras esto ocurre pueden sucederse circunstancias peligrosas con consecuencias graves a futuro. Esperar no equivale a permanecer pasivo, es tener en mente que el tiempo corre a favor ya que la adolescencia es una etapa de la vida que comienza y termina, y que en la medida en que sepamos acompa\u00f1arlos transitar\u00e1n sin consecuencias negativas para su vida adulta.<\/li>\n<li><strong>RELATIVIZAR:<\/strong> Las respuestas de los adolescentes frente a nuestros consejos o rega\u00f1os o a nuestra simple presencia no es tanto a lo que les decimos sino a la disposici\u00f3n o la actitud que perciben en sus padres. M\u00e1s all\u00e1 de la c\u00f3lera o la decepci\u00f3n comprensibles, es necesario que pueda distinguir, separar a la persona, de sus actos y que reprobar sus actos no es rechazarlo a \u00e9l o ella\u00a0 y que \u2013 finalmente- a pesar de los comportamientos inadmisibles que muchas veces muestran, estamos al pie del ca\u00f1\u00f3n confiando en que \u201cpase lo que pase ser\u00e1 mejor de lo que es hoy\u201d.<\/li>\n<li><strong>NEGOCIAR<\/strong> Hay padres que insisten en querer ser \u201camigos\u201d de sus hijo\/as o que se resisten a dejarles su espacio cuando el adolescente que era tan confiado y cercano en su ni\u00f1ez, ahora se muestra lejano y reacio al contacto. Recuerden que vuestro lugar no es el de amigo (en el caso que pudiera serlo\u2026 ) pero tampoco el de polic\u00eda o vigilante (Recuerdo a una chica que dec\u00eda que ella no ten\u00eda padres sino \u201cdrones de vigilancia\u201d), reconocer lo que hizo bien o los esfuerzos realizados, animar a emprender nuevas cosas, \u00a0tiene que combinarse con el poner l\u00edmites, prohibir y sancionar. Y si, los adolescentes lo necesitan, necesitan saber que hay l\u00edmites que sus padres no est\u00e1n dispuestos a aceptar y que hay determinadas conductas que traen consecuencias. \u00a0Negociar consiste en moverse con flexibilidad entre un margen y el otro.<\/li>\n<li><strong>NO COMPARAR<\/strong>: Cualquier comparaci\u00f3n, sea con un hermano o amigo no ayuda. Peor a\u00fan, desalienta y humilla as\u00ed que, cuente hasta 10 si tiene la tentaci\u00f3n de empezar con \u201cF\u00edjate en Zutano o Mengana\u201d<\/li>\n<li><strong>NO ADELANTARSE<\/strong>: Presagiar fracasos ante diversas exigencias de la vida (elecci\u00f3n de carrera, ) que se le presentan a su hijo\/a es contraproducente, bien porque ante el anuncio de posibles desastres el chico se paraliza o bien porque no tiene elementos para adelantarse a medir las consecuencias de lo que hace o deja de hacer. Es mucho m\u00e1s efectivo proponerle preguntas para ayudarlo a pensar (pero ojo, preguntas reales, no cr\u00edticas camufladas de preguntas)\u00a0 aunque luego parezca que no las escucha, ellas ser\u00e1n un germen, una semilla para ayudarlo a pensar a futuro.<\/li>\n<li><strong>NUESTROS MODELOS<\/strong> : Dejamos para el final lo m\u00e1s dif\u00edcil y es el animaros a pensar cu\u00e1les son los modelos e ideales a los que quisiera que su hijo o hija se parecieran. Los conflictos con los adolescente tienen un fuerte componente de choque entre lo que el chico o la chica son o quieren ser y lo que sus padres sue\u00f1an o quieren que sea. Tambi\u00e9n sucede que buscamos que ellos realicen lo que nosotros no pudimos realizar. \u201cAdem\u00e1s de mis propios rollos tengo que aguantar los suyos.\u201d Dec\u00eda una adolescente muy l\u00facida.<\/li>\n<\/ol>\n<p>Esto no implica quedarse pasivo frente a caminos destructivos o elecciones -a nuestro juicio equivocadas- que muchos adolescentes emprenden, nuestra propuesta es primero intentar ser consciente de lo que yo como padre o madre aspiro como ideal para mi hijo\/hija \u00a0y luego acercarnos ayud\u00e1ndolos a expresar a poner en palabras aquello que quieren. Recordemos que muchas veces por no decir siempre, los adolescentes\u00a0 no pueden expresar qu\u00e9 les pasa y hacia d\u00f3nde quieren ir.<\/p>\n<p>Ninguno de los criterios esbozados puede desarrollarse \u00a0de un d\u00eda para el otro. Es fundamental realizar un trabajo con uno mismo como padre o madre, un trabajo que paulatinamente le permita situarse de otra manera frente a sus hijos, ser\u00e1 la mejor forma de apoyarlos para que encuentren su propio camino porque finalmente, de eso se trata, de que encuentren su propio camino.<\/p>\n<p><a href=\"#_ftnref1\" name=\"_ftn1\">[1]<\/a> Nasio, Juan D. \u201c\u00bfC\u00f3mo actuar con un adolescente dif\u00edcil?\u201d Editorial Paid\u00f3s, Bs Aires, 2011<\/p><\/blockquote>\n","protected":false},"excerpt":{"rendered":"<p>\u201cSi Usted quiere que su adolescente cambie, cambie la mirada que usted tiene de \u00e9l\u201d (Juan D. Nasio Psiquiatra, Psicoanalista) He escuchado a muchos padres y madres a lo largo de mi pr\u00e1ctica profesional. Padres al l\u00edmite de sus fuerzas, col\u00e9ricos, abatidos y desorientados frente al comportamiento de sus hijos adolescentes. A pesar de que [&hellip;]<\/p>\n","protected":false},"author":1,"featured_media":6830,"comment_status":"closed","ping_status":"open","sticky":false,"template":"","format":"standard","meta":{"_et_pb_use_builder":"","_et_pb_old_content":"","_et_gb_content_width":"","footnotes":""},"categories":[4],"tags":[],"class_list":["post-6829","post","type-post","status-publish","format-standard","has-post-thumbnail","hentry","category-psicoterapia"],"yoast_head":"<!-- This site is optimized with the Yoast SEO plugin v20.9 - https:\/\/yoast.com\/wordpress\/plugins\/seo\/ -->\n<title>ADOLESCENTES DIF\u00cdCILES 2 \u00bfQU\u00c9 HACEMOS? | Imago: Terapia en Torrelodones<\/title>\n<meta name=\"robots\" content=\"noindex, follow, max-snippet:-1, max-image-preview:large, max-video-preview:-1\" \/>\n<meta property=\"og:locale\" content=\"es_ES\" \/>\n<meta property=\"og:type\" content=\"article\" \/>\n<meta property=\"og:title\" content=\"ADOLESCENTES DIF\u00cdCILES 2 \u00bfQU\u00c9 HACEMOS? | Imago: Terapia en Torrelodones\" \/>\n<meta property=\"og:description\" content=\"\u201cSi Usted quiere que su adolescente cambie, cambie la mirada que usted tiene de \u00e9l\u201d (Juan D. Nasio Psiquiatra, Psicoanalista) He escuchado a muchos padres y madres a lo largo de mi pr\u00e1ctica profesional. Padres al l\u00edmite de sus fuerzas, col\u00e9ricos, abatidos y desorientados frente al comportamiento de sus hijos adolescentes. A pesar de que [&hellip;]\" \/>\n<meta property=\"og:url\" content=\"https:\/\/www.imagopsicologos.com\/nuevaweb\/adolescentes-dificiles-2-que-hacemos\/\" \/>\n<meta property=\"og:site_name\" content=\"Imago: Terapia en Torrelodones\" \/>\n<meta property=\"article:publisher\" content=\"https:\/\/www.facebook.com\/imagopsicologos\/\" \/>\n<meta property=\"article:published_time\" content=\"2019-07-18T11:14:49+00:00\" \/>\n<meta property=\"og:image\" content=\"https:\/\/www.imagopsicologos.com\/nuevaweb\/wp-content\/uploads\/2019\/07\/que-hacer-adolescentes-dificiles.png\" \/>\n\t<meta property=\"og:image:width\" content=\"600\" \/>\n\t<meta property=\"og:image:height\" content=\"375\" \/>\n\t<meta property=\"og:image:type\" content=\"image\/png\" \/>\n<meta name=\"author\" content=\"admin\" \/>\n<meta name=\"twitter:card\" content=\"summary_large_image\" \/>\n<meta name=\"twitter:label1\" content=\"Escrito por\" \/>\n\t<meta name=\"twitter:data1\" content=\"admin\" \/>\n\t<meta name=\"twitter:label2\" content=\"Tiempo de lectura\" \/>\n\t<meta name=\"twitter:data2\" content=\"6 minutos\" \/>\n<script type=\"application\/ld+json\" class=\"yoast-schema-graph\">{\"@context\":\"https:\/\/schema.org\",\"@graph\":[{\"@type\":\"Article\",\"@id\":\"https:\/\/www.imagopsicologos.com\/nuevaweb\/adolescentes-dificiles-2-que-hacemos\/#article\",\"isPartOf\":{\"@id\":\"https:\/\/www.imagopsicologos.com\/nuevaweb\/adolescentes-dificiles-2-que-hacemos\/\"},\"author\":{\"name\":\"admin\",\"@id\":\"https:\/\/www.imagopsicologos.com\/nuevaweb\/#\/schema\/person\/9239a95512d4c081a7328527a401e179\"},\"headline\":\"ADOLESCENTES DIF\u00cdCILES 2 \u00bfQU\u00c9 HACEMOS?\",\"datePublished\":\"2019-07-18T11:14:49+00:00\",\"dateModified\":\"2019-07-18T11:14:49+00:00\",\"mainEntityOfPage\":{\"@id\":\"https:\/\/www.imagopsicologos.com\/nuevaweb\/adolescentes-dificiles-2-que-hacemos\/\"},\"wordCount\":1132,\"publisher\":{\"@id\":\"https:\/\/www.imagopsicologos.com\/nuevaweb\/#organization\"},\"articleSection\":[\"Psicoterapia\"],\"inLanguage\":\"es\"},{\"@type\":\"WebPage\",\"@id\":\"https:\/\/www.imagopsicologos.com\/nuevaweb\/adolescentes-dificiles-2-que-hacemos\/\",\"url\":\"https:\/\/www.imagopsicologos.com\/nuevaweb\/adolescentes-dificiles-2-que-hacemos\/\",\"name\":\"ADOLESCENTES DIF\u00cdCILES 2 \u00bfQU\u00c9 HACEMOS? | Imago: Terapia en Torrelodones\",\"isPartOf\":{\"@id\":\"https:\/\/www.imagopsicologos.com\/nuevaweb\/#website\"},\"datePublished\":\"2019-07-18T11:14:49+00:00\",\"dateModified\":\"2019-07-18T11:14:49+00:00\",\"breadcrumb\":{\"@id\":\"https:\/\/www.imagopsicologos.com\/nuevaweb\/adolescentes-dificiles-2-que-hacemos\/#breadcrumb\"},\"inLanguage\":\"es\",\"potentialAction\":[{\"@type\":\"ReadAction\",\"target\":[\"https:\/\/www.imagopsicologos.com\/nuevaweb\/adolescentes-dificiles-2-que-hacemos\/\"]}]},{\"@type\":\"BreadcrumbList\",\"@id\":\"https:\/\/www.imagopsicologos.com\/nuevaweb\/adolescentes-dificiles-2-que-hacemos\/#breadcrumb\",\"itemListElement\":[{\"@type\":\"ListItem\",\"position\":1,\"name\":\"Portada\",\"item\":\"https:\/\/www.imagopsicologos.com\/nuevaweb\/\"},{\"@type\":\"ListItem\",\"position\":2,\"name\":\"ADOLESCENTES DIF\u00cdCILES 2 \u00bfQU\u00c9 HACEMOS?\"}]},{\"@type\":\"WebSite\",\"@id\":\"https:\/\/www.imagopsicologos.com\/nuevaweb\/#website\",\"url\":\"https:\/\/www.imagopsicologos.com\/nuevaweb\/\",\"name\":\"Imago: Terapia en Torrelodones\",\"description\":\"Psicoterapia en Torrelodones en Torrelodones\",\"publisher\":{\"@id\":\"https:\/\/www.imagopsicologos.com\/nuevaweb\/#organization\"},\"alternateName\":\"Centro de psicoterapia en Torrelodones\",\"potentialAction\":[{\"@type\":\"SearchAction\",\"target\":{\"@type\":\"EntryPoint\",\"urlTemplate\":\"https:\/\/www.imagopsicologos.com\/nuevaweb\/?s={search_term_string}\"},\"query-input\":\"required name=search_term_string\"}],\"inLanguage\":\"es\"},{\"@type\":\"Organization\",\"@id\":\"https:\/\/www.imagopsicologos.com\/nuevaweb\/#organization\",\"name\":\"Imago: Terapia en Torrelodones\",\"url\":\"https:\/\/www.imagopsicologos.com\/nuevaweb\/\",\"logo\":{\"@type\":\"ImageObject\",\"inLanguage\":\"es\",\"@id\":\"https:\/\/www.imagopsicologos.com\/nuevaweb\/#\/schema\/logo\/image\/\",\"url\":\"https:\/\/www.imagopsicologos.com\/nuevaweb\/wp-content\/uploads\/2023\/06\/logo-con-telefono-copia.jpeg\",\"contentUrl\":\"https:\/\/www.imagopsicologos.com\/nuevaweb\/wp-content\/uploads\/2023\/06\/logo-con-telefono-copia.jpeg\",\"width\":480,\"height\":480,\"caption\":\"Imago: Terapia en Torrelodones\"},\"image\":{\"@id\":\"https:\/\/www.imagopsicologos.com\/nuevaweb\/#\/schema\/logo\/image\/\"},\"sameAs\":[\"https:\/\/www.facebook.com\/imagopsicologos\/\"]},{\"@type\":\"Person\",\"@id\":\"https:\/\/www.imagopsicologos.com\/nuevaweb\/#\/schema\/person\/9239a95512d4c081a7328527a401e179\",\"name\":\"admin\",\"image\":{\"@type\":\"ImageObject\",\"inLanguage\":\"es\",\"@id\":\"https:\/\/www.imagopsicologos.com\/nuevaweb\/#\/schema\/person\/image\/\",\"url\":\"https:\/\/secure.gravatar.com\/avatar\/899e4ee70cf3334f8869cd9dfa591cdd3e01232bfd02f7244f9f127390634012?s=96&d=mm&r=g\",\"contentUrl\":\"https:\/\/secure.gravatar.com\/avatar\/899e4ee70cf3334f8869cd9dfa591cdd3e01232bfd02f7244f9f127390634012?s=96&d=mm&r=g\",\"caption\":\"admin\"},\"sameAs\":[\"https:\/\/www.imagopsicologos.com\/nuevaweb\"],\"url\":\"https:\/\/www.imagopsicologos.com\/nuevaweb\/author\/admin\/\"}]}<\/script>\n<!-- \/ Yoast SEO plugin. -->","yoast_head_json":{"title":"ADOLESCENTES DIF\u00cdCILES 2 \u00bfQU\u00c9 HACEMOS? | Imago: Terapia en Torrelodones","robots":{"index":"noindex","follow":"follow","max-snippet":"max-snippet:-1","max-image-preview":"max-image-preview:large","max-video-preview":"max-video-preview:-1"},"og_locale":"es_ES","og_type":"article","og_title":"ADOLESCENTES DIF\u00cdCILES 2 \u00bfQU\u00c9 HACEMOS? | Imago: Terapia en Torrelodones","og_description":"\u201cSi Usted quiere que su adolescente cambie, cambie la mirada que usted tiene de \u00e9l\u201d (Juan D. Nasio Psiquiatra, Psicoanalista) He escuchado a muchos padres y madres a lo largo de mi pr\u00e1ctica profesional. Padres al l\u00edmite de sus fuerzas, col\u00e9ricos, abatidos y desorientados frente al comportamiento de sus hijos adolescentes. A pesar de que [&hellip;]","og_url":"https:\/\/www.imagopsicologos.com\/nuevaweb\/adolescentes-dificiles-2-que-hacemos\/","og_site_name":"Imago: Terapia en Torrelodones","article_publisher":"https:\/\/www.facebook.com\/imagopsicologos\/","article_published_time":"2019-07-18T11:14:49+00:00","og_image":[{"width":600,"height":375,"url":"https:\/\/www.imagopsicologos.com\/nuevaweb\/wp-content\/uploads\/2019\/07\/que-hacer-adolescentes-dificiles.png","type":"image\/png"}],"author":"admin","twitter_card":"summary_large_image","twitter_misc":{"Escrito por":"admin","Tiempo de lectura":"6 minutos"},"schema":{"@context":"https:\/\/schema.org","@graph":[{"@type":"Article","@id":"https:\/\/www.imagopsicologos.com\/nuevaweb\/adolescentes-dificiles-2-que-hacemos\/#article","isPartOf":{"@id":"https:\/\/www.imagopsicologos.com\/nuevaweb\/adolescentes-dificiles-2-que-hacemos\/"},"author":{"name":"admin","@id":"https:\/\/www.imagopsicologos.com\/nuevaweb\/#\/schema\/person\/9239a95512d4c081a7328527a401e179"},"headline":"ADOLESCENTES DIF\u00cdCILES 2 \u00bfQU\u00c9 HACEMOS?","datePublished":"2019-07-18T11:14:49+00:00","dateModified":"2019-07-18T11:14:49+00:00","mainEntityOfPage":{"@id":"https:\/\/www.imagopsicologos.com\/nuevaweb\/adolescentes-dificiles-2-que-hacemos\/"},"wordCount":1132,"publisher":{"@id":"https:\/\/www.imagopsicologos.com\/nuevaweb\/#organization"},"articleSection":["Psicoterapia"],"inLanguage":"es"},{"@type":"WebPage","@id":"https:\/\/www.imagopsicologos.com\/nuevaweb\/adolescentes-dificiles-2-que-hacemos\/","url":"https:\/\/www.imagopsicologos.com\/nuevaweb\/adolescentes-dificiles-2-que-hacemos\/","name":"ADOLESCENTES DIF\u00cdCILES 2 \u00bfQU\u00c9 HACEMOS? | Imago: Terapia en Torrelodones","isPartOf":{"@id":"https:\/\/www.imagopsicologos.com\/nuevaweb\/#website"},"datePublished":"2019-07-18T11:14:49+00:00","dateModified":"2019-07-18T11:14:49+00:00","breadcrumb":{"@id":"https:\/\/www.imagopsicologos.com\/nuevaweb\/adolescentes-dificiles-2-que-hacemos\/#breadcrumb"},"inLanguage":"es","potentialAction":[{"@type":"ReadAction","target":["https:\/\/www.imagopsicologos.com\/nuevaweb\/adolescentes-dificiles-2-que-hacemos\/"]}]},{"@type":"BreadcrumbList","@id":"https:\/\/www.imagopsicologos.com\/nuevaweb\/adolescentes-dificiles-2-que-hacemos\/#breadcrumb","itemListElement":[{"@type":"ListItem","position":1,"name":"Portada","item":"https:\/\/www.imagopsicologos.com\/nuevaweb\/"},{"@type":"ListItem","position":2,"name":"ADOLESCENTES DIF\u00cdCILES 2 \u00bfQU\u00c9 HACEMOS?"}]},{"@type":"WebSite","@id":"https:\/\/www.imagopsicologos.com\/nuevaweb\/#website","url":"https:\/\/www.imagopsicologos.com\/nuevaweb\/","name":"Imago: Terapia en Torrelodones","description":"Psicoterapia en Torrelodones en Torrelodones","publisher":{"@id":"https:\/\/www.imagopsicologos.com\/nuevaweb\/#organization"},"alternateName":"Centro de psicoterapia en Torrelodones","potentialAction":[{"@type":"SearchAction","target":{"@type":"EntryPoint","urlTemplate":"https:\/\/www.imagopsicologos.com\/nuevaweb\/?s={search_term_string}"},"query-input":"required name=search_term_string"}],"inLanguage":"es"},{"@type":"Organization","@id":"https:\/\/www.imagopsicologos.com\/nuevaweb\/#organization","name":"Imago: Terapia en Torrelodones","url":"https:\/\/www.imagopsicologos.com\/nuevaweb\/","logo":{"@type":"ImageObject","inLanguage":"es","@id":"https:\/\/www.imagopsicologos.com\/nuevaweb\/#\/schema\/logo\/image\/","url":"https:\/\/www.imagopsicologos.com\/nuevaweb\/wp-content\/uploads\/2023\/06\/logo-con-telefono-copia.jpeg","contentUrl":"https:\/\/www.imagopsicologos.com\/nuevaweb\/wp-content\/uploads\/2023\/06\/logo-con-telefono-copia.jpeg","width":480,"height":480,"caption":"Imago: Terapia en Torrelodones"},"image":{"@id":"https:\/\/www.imagopsicologos.com\/nuevaweb\/#\/schema\/logo\/image\/"},"sameAs":["https:\/\/www.facebook.com\/imagopsicologos\/"]},{"@type":"Person","@id":"https:\/\/www.imagopsicologos.com\/nuevaweb\/#\/schema\/person\/9239a95512d4c081a7328527a401e179","name":"admin","image":{"@type":"ImageObject","inLanguage":"es","@id":"https:\/\/www.imagopsicologos.com\/nuevaweb\/#\/schema\/person\/image\/","url":"https:\/\/secure.gravatar.com\/avatar\/899e4ee70cf3334f8869cd9dfa591cdd3e01232bfd02f7244f9f127390634012?s=96&d=mm&r=g","contentUrl":"https:\/\/secure.gravatar.com\/avatar\/899e4ee70cf3334f8869cd9dfa591cdd3e01232bfd02f7244f9f127390634012?s=96&d=mm&r=g","caption":"admin"},"sameAs":["https:\/\/www.imagopsicologos.com\/nuevaweb"],"url":"https:\/\/www.imagopsicologos.com\/nuevaweb\/author\/admin\/"}]}},"_links":{"self":[{"href":"https:\/\/www.imagopsicologos.com\/nuevaweb\/wp-json\/wp\/v2\/posts\/6829","targetHints":{"allow":["GET"]}}],"collection":[{"href":"https:\/\/www.imagopsicologos.com\/nuevaweb\/wp-json\/wp\/v2\/posts"}],"about":[{"href":"https:\/\/www.imagopsicologos.com\/nuevaweb\/wp-json\/wp\/v2\/types\/post"}],"author":[{"embeddable":true,"href":"https:\/\/www.imagopsicologos.com\/nuevaweb\/wp-json\/wp\/v2\/users\/1"}],"replies":[{"embeddable":true,"href":"https:\/\/www.imagopsicologos.com\/nuevaweb\/wp-json\/wp\/v2\/comments?post=6829"}],"version-history":[{"count":0,"href":"https:\/\/www.imagopsicologos.com\/nuevaweb\/wp-json\/wp\/v2\/posts\/6829\/revisions"}],"wp:featuredmedia":[{"embeddable":true,"href":"https:\/\/www.imagopsicologos.com\/nuevaweb\/wp-json\/wp\/v2\/media\/6830"}],"wp:attachment":[{"href":"https:\/\/www.imagopsicologos.com\/nuevaweb\/wp-json\/wp\/v2\/media?parent=6829"}],"wp:term":[{"taxonomy":"category","embeddable":true,"href":"https:\/\/www.imagopsicologos.com\/nuevaweb\/wp-json\/wp\/v2\/categories?post=6829"},{"taxonomy":"post_tag","embeddable":true,"href":"https:\/\/www.imagopsicologos.com\/nuevaweb\/wp-json\/wp\/v2\/tags?post=6829"}],"curies":[{"name":"wp","href":"https:\/\/api.w.org\/{rel}","templated":true}]}}