{"id":6827,"date":"2019-07-31T18:20:47","date_gmt":"2019-07-31T18:20:47","guid":{"rendered":"https:\/\/www.imagopsicologos.com\/nuevaweb\/?p=6493"},"modified":"2019-07-31T18:20:47","modified_gmt":"2019-07-31T18:20:47","slug":"estoy-deprimida","status":"publish","type":"post","link":"https:\/\/www.imagopsicologos.com\/nuevaweb\/estoy-deprimida\/","title":{"rendered":"\u00bfESTOY DEPRIMIDA?"},"content":{"rendered":"<h2>Aunque parezca extra\u00f1o muchas veces las personas que acuden a consulta te preguntan \u00bfEstar\u00e9 deprimido\/a? \u00bfT\u00fa crees que estoy deprimida\/o?<\/h2>\n<p>De primera impresi\u00f3n todos tenemos en mente lo que es alguien deprimido: falta de ganas, cero energ\u00eda, l\u00e1grimas, aislamiento, estas son algunas de las \u00a0caras t\u00f3picas de la persona deprimida y hablamos de <strong>persona deprimida<\/strong> <!--more-->y no de depresi\u00f3n a secas, porque al tratarse de un\u00a0 malestar emocional, \u00a0de un dolor ps\u00edquico, no podemos entenderlo como si se tratara de sarampi\u00f3n o diabetes, enfermedades org\u00e1nicas con s\u00edntomas bastante similares entre quienes\u00a0 las padecen. Hablaremos entonces de la <strong>persona deprimida<\/strong> porque cada quien lo es a su modo, en funci\u00f3n de las circunstancias de su vida, de su historia particular y aqu\u00ed comienzan las dificultades para responder a la pregunta \u00bfEstoy deprimida? \u00bffulano estar\u00e1 deprimido?<\/p>\n<p>Para acercarnos al tema \u00a0diremos que esa imagen com\u00fan a la que aludimos es el rostro m\u00e1s conocido pero no necesariamente el m\u00e1s frecuente de las personas deprimidas. Nos asombrar\u00edamos si nos dijeran, por ejemplo, que Fulano, un exitoso profesional dedicado en cuerpo y alma a su trabajo, \u00a0puede ser una persona deprimida o Mengana, una joven actriz, considerada la \u201crevelaci\u00f3n del a\u00f1o\u201d, es tambi\u00e9n una persona deprimida.<\/p>\n<p>\u00bfPor qu\u00e9? \u00bfCu\u00e1les son los rostros desconocidos que nos muestran las personas deprimidas? Pongamos otro ejemplo, el de Myriam una mujer de mediana edad, con una familia con 3 ni\u00f1as y un trabajo que le gusta, \u00a0en un determinado momento de su vida comienza a recurrir al alcohol para sentirse bien en las reuniones sociales y poco a poco se hace m\u00e1s y m\u00e1s dependiente de \u00e9l. Busca situaciones donde terminar\u00e1 bebiendo m\u00e1s de la cuenta, deja de verse con amigos que no le siguen la cuerda, le atraen \u00a0las personas con las que comparte esta \u00bfafici\u00f3n?\u00a0 Al cabo de un tiempo lo busca casi todos los d\u00edas y aunque personas cercanas le han advertido del riesgo que corre, ella no quiere ni puede dejarlo. El alcohol le permite sentirse locuaz, desenvuelta y atractiva.<\/p>\n<p>Veamos otro ejemplo, Telmo un joven aficionado a los deportes de riesgo: puenting, motocross, rafting, paracaidismo \u2026 \u00a0su b\u00fasqueda de emociones fuertes lo ha ido llevando a practicar deportes cada vez m\u00e1s al l\u00edmite de la prudencia y las dos fracturas que lleva a cuestas no lo hacen replantearse\u00a0 si en esa diversi\u00f3n hay algo m\u00e1s que la adrenalina del momento.<\/p>\n<p>Tras la apariencia de persona sociable y divertida de Myriam hay alguien que necesita desesperadamente \u00a0enmascarar\u00a0 la tristeza y el desamparo que vive, sin darse cuenta. Lo mismo Telmo, la adrenalina que le supone cada descenso en el rafting o el paraca\u00eddas son un \u201cchute\u201d que parece sacarlo de la sensaci\u00f3n mortecina en la que siente que transcurre su d\u00eda a d\u00eda.<\/p>\n<p>La \u201cadicci\u00f3n\u201d al trabajo, al alcohol, los deportes extremos, los \u201cligones\u201d que est\u00e1n permanentemente buscando conquistas, son otros tantos rostros poco conocidos de personas deprimidas, no son los \u00fanicos, hay otros que no imaginamos y que veremos en otro post.<\/p>\n","protected":false},"excerpt":{"rendered":"<p>Aunque parezca extra\u00f1o muchas veces las personas que acuden a consulta te preguntan \u00bfEstar\u00e9 deprimido\/a? \u00bfT\u00fa crees que estoy deprimida\/o? De primera impresi\u00f3n todos tenemos en mente lo que es alguien deprimido: falta de ganas, cero energ\u00eda, l\u00e1grimas, aislamiento, estas son algunas de las \u00a0caras t\u00f3picas de la persona deprimida y hablamos de persona deprimida<\/p>\n","protected":false},"author":1,"featured_media":6828,"comment_status":"closed","ping_status":"open","sticky":false,"template":"","format":"standard","meta":{"_et_pb_use_builder":"","_et_pb_old_content":"","_et_gb_content_width":"","footnotes":""},"categories":[4],"tags":[],"class_list":["post-6827","post","type-post","status-publish","format-standard","has-post-thumbnail","hentry","category-psicoterapia"],"yoast_head":"<!-- This site is optimized with the Yoast SEO plugin v20.9 - https:\/\/yoast.com\/wordpress\/plugins\/seo\/ -->\n<title>\u00bfESTOY DEPRIMIDA? | Imago: Terapia en Torrelodones<\/title>\n<meta name=\"robots\" content=\"noindex, follow, max-snippet:-1, max-image-preview:large, max-video-preview:-1\" \/>\n<meta property=\"og:locale\" content=\"es_ES\" \/>\n<meta property=\"og:type\" content=\"article\" \/>\n<meta property=\"og:title\" content=\"\u00bfESTOY DEPRIMIDA? | Imago: Terapia en Torrelodones\" \/>\n<meta property=\"og:description\" content=\"Aunque parezca extra\u00f1o muchas veces las personas que acuden a consulta te preguntan \u00bfEstar\u00e9 deprimido\/a? \u00bfT\u00fa crees que estoy deprimida\/o? De primera impresi\u00f3n todos tenemos en mente lo que es alguien deprimido: falta de ganas, cero energ\u00eda, l\u00e1grimas, aislamiento, estas son algunas de las \u00a0caras t\u00f3picas de la persona deprimida y hablamos de persona deprimida\" \/>\n<meta property=\"og:url\" content=\"https:\/\/www.imagopsicologos.com\/nuevaweb\/estoy-deprimida\/\" \/>\n<meta property=\"og:site_name\" content=\"Imago: Terapia en Torrelodones\" \/>\n<meta property=\"article:publisher\" content=\"https:\/\/www.facebook.com\/imagopsicologos\/\" \/>\n<meta property=\"article:published_time\" content=\"2019-07-31T18:20:47+00:00\" \/>\n<meta property=\"og:image\" content=\"https:\/\/www.imagopsicologos.com\/nuevaweb\/wp-content\/uploads\/2019\/07\/como-saber-si-estoy-deprimida.png\" \/>\n\t<meta property=\"og:image:width\" content=\"1084\" \/>\n\t<meta property=\"og:image:height\" content=\"560\" \/>\n\t<meta property=\"og:image:type\" content=\"image\/png\" \/>\n<meta name=\"author\" content=\"admin\" \/>\n<meta name=\"twitter:card\" content=\"summary_large_image\" \/>\n<meta name=\"twitter:label1\" content=\"Escrito por\" \/>\n\t<meta name=\"twitter:data1\" content=\"admin\" \/>\n\t<meta name=\"twitter:label2\" content=\"Tiempo de lectura\" \/>\n\t<meta name=\"twitter:data2\" content=\"3 minutos\" \/>\n<script type=\"application\/ld+json\" class=\"yoast-schema-graph\">{\"@context\":\"https:\/\/schema.org\",\"@graph\":[{\"@type\":\"Article\",\"@id\":\"https:\/\/www.imagopsicologos.com\/nuevaweb\/estoy-deprimida\/#article\",\"isPartOf\":{\"@id\":\"https:\/\/www.imagopsicologos.com\/nuevaweb\/estoy-deprimida\/\"},\"author\":{\"name\":\"admin\",\"@id\":\"https:\/\/www.imagopsicologos.com\/nuevaweb\/#\/schema\/person\/9239a95512d4c081a7328527a401e179\"},\"headline\":\"\u00bfESTOY DEPRIMIDA?\",\"datePublished\":\"2019-07-31T18:20:47+00:00\",\"dateModified\":\"2019-07-31T18:20:47+00:00\",\"mainEntityOfPage\":{\"@id\":\"https:\/\/www.imagopsicologos.com\/nuevaweb\/estoy-deprimida\/\"},\"wordCount\":537,\"publisher\":{\"@id\":\"https:\/\/www.imagopsicologos.com\/nuevaweb\/#organization\"},\"articleSection\":[\"Psicoterapia\"],\"inLanguage\":\"es\"},{\"@type\":\"WebPage\",\"@id\":\"https:\/\/www.imagopsicologos.com\/nuevaweb\/estoy-deprimida\/\",\"url\":\"https:\/\/www.imagopsicologos.com\/nuevaweb\/estoy-deprimida\/\",\"name\":\"\u00bfESTOY DEPRIMIDA? | Imago: Terapia en Torrelodones\",\"isPartOf\":{\"@id\":\"https:\/\/www.imagopsicologos.com\/nuevaweb\/#website\"},\"datePublished\":\"2019-07-31T18:20:47+00:00\",\"dateModified\":\"2019-07-31T18:20:47+00:00\",\"breadcrumb\":{\"@id\":\"https:\/\/www.imagopsicologos.com\/nuevaweb\/estoy-deprimida\/#breadcrumb\"},\"inLanguage\":\"es\",\"potentialAction\":[{\"@type\":\"ReadAction\",\"target\":[\"https:\/\/www.imagopsicologos.com\/nuevaweb\/estoy-deprimida\/\"]}]},{\"@type\":\"BreadcrumbList\",\"@id\":\"https:\/\/www.imagopsicologos.com\/nuevaweb\/estoy-deprimida\/#breadcrumb\",\"itemListElement\":[{\"@type\":\"ListItem\",\"position\":1,\"name\":\"Portada\",\"item\":\"https:\/\/www.imagopsicologos.com\/nuevaweb\/\"},{\"@type\":\"ListItem\",\"position\":2,\"name\":\"\u00bfESTOY DEPRIMIDA?\"}]},{\"@type\":\"WebSite\",\"@id\":\"https:\/\/www.imagopsicologos.com\/nuevaweb\/#website\",\"url\":\"https:\/\/www.imagopsicologos.com\/nuevaweb\/\",\"name\":\"Imago: Terapia en Torrelodones\",\"description\":\"Psicoterapia en Torrelodones en Torrelodones\",\"publisher\":{\"@id\":\"https:\/\/www.imagopsicologos.com\/nuevaweb\/#organization\"},\"alternateName\":\"Centro de psicoterapia en Torrelodones\",\"potentialAction\":[{\"@type\":\"SearchAction\",\"target\":{\"@type\":\"EntryPoint\",\"urlTemplate\":\"https:\/\/www.imagopsicologos.com\/nuevaweb\/?s={search_term_string}\"},\"query-input\":\"required name=search_term_string\"}],\"inLanguage\":\"es\"},{\"@type\":\"Organization\",\"@id\":\"https:\/\/www.imagopsicologos.com\/nuevaweb\/#organization\",\"name\":\"Imago: Terapia en Torrelodones\",\"url\":\"https:\/\/www.imagopsicologos.com\/nuevaweb\/\",\"logo\":{\"@type\":\"ImageObject\",\"inLanguage\":\"es\",\"@id\":\"https:\/\/www.imagopsicologos.com\/nuevaweb\/#\/schema\/logo\/image\/\",\"url\":\"https:\/\/www.imagopsicologos.com\/nuevaweb\/wp-content\/uploads\/2023\/06\/logo-con-telefono-copia.jpeg\",\"contentUrl\":\"https:\/\/www.imagopsicologos.com\/nuevaweb\/wp-content\/uploads\/2023\/06\/logo-con-telefono-copia.jpeg\",\"width\":480,\"height\":480,\"caption\":\"Imago: Terapia en Torrelodones\"},\"image\":{\"@id\":\"https:\/\/www.imagopsicologos.com\/nuevaweb\/#\/schema\/logo\/image\/\"},\"sameAs\":[\"https:\/\/www.facebook.com\/imagopsicologos\/\"]},{\"@type\":\"Person\",\"@id\":\"https:\/\/www.imagopsicologos.com\/nuevaweb\/#\/schema\/person\/9239a95512d4c081a7328527a401e179\",\"name\":\"admin\",\"image\":{\"@type\":\"ImageObject\",\"inLanguage\":\"es\",\"@id\":\"https:\/\/www.imagopsicologos.com\/nuevaweb\/#\/schema\/person\/image\/\",\"url\":\"https:\/\/secure.gravatar.com\/avatar\/899e4ee70cf3334f8869cd9dfa591cdd3e01232bfd02f7244f9f127390634012?s=96&d=mm&r=g\",\"contentUrl\":\"https:\/\/secure.gravatar.com\/avatar\/899e4ee70cf3334f8869cd9dfa591cdd3e01232bfd02f7244f9f127390634012?s=96&d=mm&r=g\",\"caption\":\"admin\"},\"sameAs\":[\"https:\/\/www.imagopsicologos.com\/nuevaweb\"],\"url\":\"https:\/\/www.imagopsicologos.com\/nuevaweb\/author\/admin\/\"}]}<\/script>\n<!-- \/ Yoast SEO plugin. -->","yoast_head_json":{"title":"\u00bfESTOY DEPRIMIDA? | Imago: Terapia en Torrelodones","robots":{"index":"noindex","follow":"follow","max-snippet":"max-snippet:-1","max-image-preview":"max-image-preview:large","max-video-preview":"max-video-preview:-1"},"og_locale":"es_ES","og_type":"article","og_title":"\u00bfESTOY DEPRIMIDA? | Imago: Terapia en Torrelodones","og_description":"Aunque parezca extra\u00f1o muchas veces las personas que acuden a consulta te preguntan \u00bfEstar\u00e9 deprimido\/a? \u00bfT\u00fa crees que estoy deprimida\/o? De primera impresi\u00f3n todos tenemos en mente lo que es alguien deprimido: falta de ganas, cero energ\u00eda, l\u00e1grimas, aislamiento, estas son algunas de las \u00a0caras t\u00f3picas de la persona deprimida y hablamos de persona deprimida","og_url":"https:\/\/www.imagopsicologos.com\/nuevaweb\/estoy-deprimida\/","og_site_name":"Imago: Terapia en Torrelodones","article_publisher":"https:\/\/www.facebook.com\/imagopsicologos\/","article_published_time":"2019-07-31T18:20:47+00:00","og_image":[{"width":1084,"height":560,"url":"https:\/\/www.imagopsicologos.com\/nuevaweb\/wp-content\/uploads\/2019\/07\/como-saber-si-estoy-deprimida.png","type":"image\/png"}],"author":"admin","twitter_card":"summary_large_image","twitter_misc":{"Escrito por":"admin","Tiempo de lectura":"3 minutos"},"schema":{"@context":"https:\/\/schema.org","@graph":[{"@type":"Article","@id":"https:\/\/www.imagopsicologos.com\/nuevaweb\/estoy-deprimida\/#article","isPartOf":{"@id":"https:\/\/www.imagopsicologos.com\/nuevaweb\/estoy-deprimida\/"},"author":{"name":"admin","@id":"https:\/\/www.imagopsicologos.com\/nuevaweb\/#\/schema\/person\/9239a95512d4c081a7328527a401e179"},"headline":"\u00bfESTOY DEPRIMIDA?","datePublished":"2019-07-31T18:20:47+00:00","dateModified":"2019-07-31T18:20:47+00:00","mainEntityOfPage":{"@id":"https:\/\/www.imagopsicologos.com\/nuevaweb\/estoy-deprimida\/"},"wordCount":537,"publisher":{"@id":"https:\/\/www.imagopsicologos.com\/nuevaweb\/#organization"},"articleSection":["Psicoterapia"],"inLanguage":"es"},{"@type":"WebPage","@id":"https:\/\/www.imagopsicologos.com\/nuevaweb\/estoy-deprimida\/","url":"https:\/\/www.imagopsicologos.com\/nuevaweb\/estoy-deprimida\/","name":"\u00bfESTOY DEPRIMIDA? | Imago: Terapia en Torrelodones","isPartOf":{"@id":"https:\/\/www.imagopsicologos.com\/nuevaweb\/#website"},"datePublished":"2019-07-31T18:20:47+00:00","dateModified":"2019-07-31T18:20:47+00:00","breadcrumb":{"@id":"https:\/\/www.imagopsicologos.com\/nuevaweb\/estoy-deprimida\/#breadcrumb"},"inLanguage":"es","potentialAction":[{"@type":"ReadAction","target":["https:\/\/www.imagopsicologos.com\/nuevaweb\/estoy-deprimida\/"]}]},{"@type":"BreadcrumbList","@id":"https:\/\/www.imagopsicologos.com\/nuevaweb\/estoy-deprimida\/#breadcrumb","itemListElement":[{"@type":"ListItem","position":1,"name":"Portada","item":"https:\/\/www.imagopsicologos.com\/nuevaweb\/"},{"@type":"ListItem","position":2,"name":"\u00bfESTOY DEPRIMIDA?"}]},{"@type":"WebSite","@id":"https:\/\/www.imagopsicologos.com\/nuevaweb\/#website","url":"https:\/\/www.imagopsicologos.com\/nuevaweb\/","name":"Imago: Terapia en Torrelodones","description":"Psicoterapia en Torrelodones en Torrelodones","publisher":{"@id":"https:\/\/www.imagopsicologos.com\/nuevaweb\/#organization"},"alternateName":"Centro de psicoterapia en Torrelodones","potentialAction":[{"@type":"SearchAction","target":{"@type":"EntryPoint","urlTemplate":"https:\/\/www.imagopsicologos.com\/nuevaweb\/?s={search_term_string}"},"query-input":"required name=search_term_string"}],"inLanguage":"es"},{"@type":"Organization","@id":"https:\/\/www.imagopsicologos.com\/nuevaweb\/#organization","name":"Imago: Terapia en Torrelodones","url":"https:\/\/www.imagopsicologos.com\/nuevaweb\/","logo":{"@type":"ImageObject","inLanguage":"es","@id":"https:\/\/www.imagopsicologos.com\/nuevaweb\/#\/schema\/logo\/image\/","url":"https:\/\/www.imagopsicologos.com\/nuevaweb\/wp-content\/uploads\/2023\/06\/logo-con-telefono-copia.jpeg","contentUrl":"https:\/\/www.imagopsicologos.com\/nuevaweb\/wp-content\/uploads\/2023\/06\/logo-con-telefono-copia.jpeg","width":480,"height":480,"caption":"Imago: Terapia en Torrelodones"},"image":{"@id":"https:\/\/www.imagopsicologos.com\/nuevaweb\/#\/schema\/logo\/image\/"},"sameAs":["https:\/\/www.facebook.com\/imagopsicologos\/"]},{"@type":"Person","@id":"https:\/\/www.imagopsicologos.com\/nuevaweb\/#\/schema\/person\/9239a95512d4c081a7328527a401e179","name":"admin","image":{"@type":"ImageObject","inLanguage":"es","@id":"https:\/\/www.imagopsicologos.com\/nuevaweb\/#\/schema\/person\/image\/","url":"https:\/\/secure.gravatar.com\/avatar\/899e4ee70cf3334f8869cd9dfa591cdd3e01232bfd02f7244f9f127390634012?s=96&d=mm&r=g","contentUrl":"https:\/\/secure.gravatar.com\/avatar\/899e4ee70cf3334f8869cd9dfa591cdd3e01232bfd02f7244f9f127390634012?s=96&d=mm&r=g","caption":"admin"},"sameAs":["https:\/\/www.imagopsicologos.com\/nuevaweb"],"url":"https:\/\/www.imagopsicologos.com\/nuevaweb\/author\/admin\/"}]}},"_links":{"self":[{"href":"https:\/\/www.imagopsicologos.com\/nuevaweb\/wp-json\/wp\/v2\/posts\/6827","targetHints":{"allow":["GET"]}}],"collection":[{"href":"https:\/\/www.imagopsicologos.com\/nuevaweb\/wp-json\/wp\/v2\/posts"}],"about":[{"href":"https:\/\/www.imagopsicologos.com\/nuevaweb\/wp-json\/wp\/v2\/types\/post"}],"author":[{"embeddable":true,"href":"https:\/\/www.imagopsicologos.com\/nuevaweb\/wp-json\/wp\/v2\/users\/1"}],"replies":[{"embeddable":true,"href":"https:\/\/www.imagopsicologos.com\/nuevaweb\/wp-json\/wp\/v2\/comments?post=6827"}],"version-history":[{"count":0,"href":"https:\/\/www.imagopsicologos.com\/nuevaweb\/wp-json\/wp\/v2\/posts\/6827\/revisions"}],"wp:featuredmedia":[{"embeddable":true,"href":"https:\/\/www.imagopsicologos.com\/nuevaweb\/wp-json\/wp\/v2\/media\/6828"}],"wp:attachment":[{"href":"https:\/\/www.imagopsicologos.com\/nuevaweb\/wp-json\/wp\/v2\/media?parent=6827"}],"wp:term":[{"taxonomy":"category","embeddable":true,"href":"https:\/\/www.imagopsicologos.com\/nuevaweb\/wp-json\/wp\/v2\/categories?post=6827"},{"taxonomy":"post_tag","embeddable":true,"href":"https:\/\/www.imagopsicologos.com\/nuevaweb\/wp-json\/wp\/v2\/tags?post=6827"}],"curies":[{"name":"wp","href":"https:\/\/api.w.org\/{rel}","templated":true}]}}