{"id":6825,"date":"2019-09-03T18:40:19","date_gmt":"2019-09-03T18:40:19","guid":{"rendered":"https:\/\/www.imagopsicologos.com\/nuevaweb\/?p=6497"},"modified":"2019-09-03T18:40:19","modified_gmt":"2019-09-03T18:40:19","slug":"los-sindromes-de-bolsillo","status":"publish","type":"post","link":"https:\/\/www.imagopsicologos.com\/nuevaweb\/los-sindromes-de-bolsillo\/","title":{"rendered":"LOS S\u00cdNDROMES DE BOLSILLO"},"content":{"rendered":"<p><strong>El s\u00edndrome de Peter Pan, el del Nido Vac\u00edo, el del Emperador, el de Cenicienta, el post vacacional, el de la Abeja Reina\u2026 \u00a0si nos dedicamos a buscar encontraremos una gran\u00a0 cantidad de supuestos \u201ctrastornos\u201d que invaden nuestras vidas y pretenden uniformar experiencias absolutamente personales.<\/strong><!--more--><\/p>\n<p>Cada uno de estos\u00a0 s\u00edndromes (o conjunto de s\u00edntomas) es un listado de etiquetas que se aplican a quien se dice que los padece: que si el de Peter Pan es del \u201ceterno ni\u00f1o\u201d que si el de la Abeja Reina es el de la mujer competitiva con otras mujeres o el post vacacional el retornar a la rutina laboral y as\u00ed hasta conformar una imagen t\u00f3pica y r\u00edgida de situaciones de la vida que son complejas y sobre todo vividas por cada persona de manera absolutamente individual.<\/p>\n<h2>\u00bfSon enfermedades?<\/h2>\n<p>Hay dos aspectos importantes de aclarar en este <strong>uso absurdo de \u201cS\u00edndromes\u201d. <\/strong>Uno es el de que t\u00e1citamente convierten en enfermedades a experiencias m\u00e1s o menos duras o dif\u00edciles pero propias de la vida. El S\u00edndrome del Nido vac\u00edo por ejemplo, definido como la sensaci\u00f3n de abatimiento y soledad que viven los padres (aunque suele atribu\u00edrsele m\u00e1s a las madres) cuando los hijos se independizan y se van de casa. \u00bfNo es esperable que un cambio tan importante en la vida de una pareja se viva con tristeza ya que se trata de una p\u00e9rdida?\u00a0 el del Emperador que se aplica al ni\u00f1o que desaf\u00eda y tiraniza a sus padres, como si se tratara de un mal car\u00e1cter cong\u00e9nito del ni\u00f1o o la culpa de unos padres indiferentes, \u00a0ignorando que estamos frente a las complejidades propias de las relaciones entre padres e hijos que habr\u00e1 que descubrir y comprender o el de Peter Pan que se refiere a la enorme dificultad y par\u00e1lisis angustiosa que viven algunos varones al verse frente a las exigencias de una vida adulta y as\u00ed con todos.<\/p>\n<p>El trasfondo de esta <strong>patologizaci\u00f3n de las experiencias dolorosas de la vida<\/strong> flota en el sentido com\u00fan imperante en nuestros d\u00edas que considera que todo lo que no es optimismo, buen rollo y psicolog\u00eda \u201cpositiva\u201d hay que colocarlo en el cesto de lo patol\u00f3gico. Vivir nos coloca inevitablemente ante situaciones que generan sufrimiento, m\u00e1s o menos intenso y huir de ellas o taparlas con el nombre de un s\u00edndrome es asumir que podremos evitarlas.<\/p>\n<p>Recuerdo el comentario de una amiga que atravesaba por momentos oscuros en un tratamiento de quimioterapia: \u201c<em>Todo el mundo me llama\u00a0 a darme \u00e1nimos y a decirme que tengo que ser positiva, que no debo dejarme abatir porque si no la enfermedad me va a ganar la partida. Me invitan a salir y me sugieren que no me quede en casa\u00a0 y yo no quiero salir \u2026 s\u00f3lo quiero que me dejen en paz, estoy agotada y s\u00f3lo busco tranquilidad y silencio<\/em>\u201d<\/p>\n<p>Otra de las \u201cventajas\u201d \u00a0de diagnosticar como enfermedad al dolor ps\u00edquico es que evitan tener que pensar y comprender c\u00f3mo nos concierne la experiencia (\u201c\u00bfQu\u00e9 tengo yo que ver en esto que estoy viviendo?\u201d) de qu\u00e9 modo estamos involucrados o participamos en ellas y lo que cada una de ellas tiene de absolutamente personal. No hay dos respuestas iguales ante la independencia de los hijos y cada Peter Pan, es \u00fanico en su angustia y evasi\u00f3n lo mismo que cada Abeja Reina o ni\u00f1o \u201cEmperador\u201d<\/p>\n<p>Asignar a otro o asignarse un s\u00edndrome (\u201cEl es as\u00ed,\u00a0 un Peter Pan \u00bfqu\u00e9 me queda?\u201d) es un atajo o un velo tras el cual escondemos todo lo que implica la experiencia.<\/p>\n<p><strong>No es este un llamado a la resignaci\u00f3n, ni al aguante o el pasotismo, \u00a0todo lo contrario, es una propuesta para abordar \u00a0las ineludibles experiencias dolorosas y dif\u00edciles que trae consigo la vida y su consiguiente \u201cdolor de existir\u201d es dales un lugar \u00a0con la perspectiva de que al acercarnos a ellas podremos hacerlas m\u00e1s llevaderas y menos paralizantes.<\/strong><\/p>\n","protected":false},"excerpt":{"rendered":"<p>El s\u00edndrome de Peter Pan, el del Nido Vac\u00edo, el del Emperador, el de Cenicienta, el post vacacional, el de la Abeja Reina\u2026 \u00a0si nos dedicamos a buscar encontraremos una gran\u00a0 cantidad de supuestos \u201ctrastornos\u201d que invaden nuestras vidas y pretenden uniformar experiencias absolutamente personales.<\/p>\n","protected":false},"author":1,"featured_media":6826,"comment_status":"closed","ping_status":"open","sticky":false,"template":"","format":"standard","meta":{"_et_pb_use_builder":"","_et_pb_old_content":"","_et_gb_content_width":"","footnotes":""},"categories":[4],"tags":[],"class_list":["post-6825","post","type-post","status-publish","format-standard","has-post-thumbnail","hentry","category-psicoterapia"],"yoast_head":"<!-- This site is optimized with the Yoast SEO plugin v20.9 - https:\/\/yoast.com\/wordpress\/plugins\/seo\/ -->\n<title>LOS S\u00cdNDROMES DE BOLSILLO | Imago: Terapia en Torrelodones<\/title>\n<meta name=\"robots\" content=\"noindex, follow, max-snippet:-1, max-image-preview:large, max-video-preview:-1\" \/>\n<meta property=\"og:locale\" content=\"es_ES\" \/>\n<meta property=\"og:type\" content=\"article\" \/>\n<meta property=\"og:title\" content=\"LOS S\u00cdNDROMES DE BOLSILLO | Imago: Terapia en Torrelodones\" \/>\n<meta property=\"og:description\" content=\"El s\u00edndrome de Peter Pan, el del Nido Vac\u00edo, el del Emperador, el de Cenicienta, el post vacacional, el de la Abeja Reina\u2026 \u00a0si nos dedicamos a buscar encontraremos una gran\u00a0 cantidad de supuestos \u201ctrastornos\u201d que invaden nuestras vidas y pretenden uniformar experiencias absolutamente personales.\" \/>\n<meta property=\"og:url\" content=\"https:\/\/www.imagopsicologos.com\/nuevaweb\/los-sindromes-de-bolsillo\/\" \/>\n<meta property=\"og:site_name\" content=\"Imago: Terapia en Torrelodones\" \/>\n<meta property=\"article:publisher\" content=\"https:\/\/www.facebook.com\/imagopsicologos\/\" \/>\n<meta property=\"article:published_time\" content=\"2019-09-03T18:40:19+00:00\" \/>\n<meta property=\"og:image\" content=\"https:\/\/www.imagopsicologos.com\/nuevaweb\/wp-content\/uploads\/2019\/09\/sindromes-de-bolsillo-psicologos-torrelodones.jpg\" \/>\n\t<meta property=\"og:image:width\" content=\"424\" \/>\n\t<meta property=\"og:image:height\" content=\"355\" \/>\n\t<meta property=\"og:image:type\" content=\"image\/jpeg\" \/>\n<meta name=\"author\" content=\"admin\" \/>\n<meta name=\"twitter:card\" content=\"summary_large_image\" \/>\n<meta name=\"twitter:label1\" content=\"Escrito por\" \/>\n\t<meta name=\"twitter:data1\" content=\"admin\" \/>\n\t<meta name=\"twitter:label2\" content=\"Tiempo de lectura\" \/>\n\t<meta name=\"twitter:data2\" content=\"3 minutos\" \/>\n<script type=\"application\/ld+json\" class=\"yoast-schema-graph\">{\"@context\":\"https:\/\/schema.org\",\"@graph\":[{\"@type\":\"Article\",\"@id\":\"https:\/\/www.imagopsicologos.com\/nuevaweb\/los-sindromes-de-bolsillo\/#article\",\"isPartOf\":{\"@id\":\"https:\/\/www.imagopsicologos.com\/nuevaweb\/los-sindromes-de-bolsillo\/\"},\"author\":{\"name\":\"admin\",\"@id\":\"https:\/\/www.imagopsicologos.com\/nuevaweb\/#\/schema\/person\/9239a95512d4c081a7328527a401e179\"},\"headline\":\"LOS S\u00cdNDROMES DE BOLSILLO\",\"datePublished\":\"2019-09-03T18:40:19+00:00\",\"dateModified\":\"2019-09-03T18:40:19+00:00\",\"mainEntityOfPage\":{\"@id\":\"https:\/\/www.imagopsicologos.com\/nuevaweb\/los-sindromes-de-bolsillo\/\"},\"wordCount\":693,\"publisher\":{\"@id\":\"https:\/\/www.imagopsicologos.com\/nuevaweb\/#organization\"},\"articleSection\":[\"Psicoterapia\"],\"inLanguage\":\"es\"},{\"@type\":\"WebPage\",\"@id\":\"https:\/\/www.imagopsicologos.com\/nuevaweb\/los-sindromes-de-bolsillo\/\",\"url\":\"https:\/\/www.imagopsicologos.com\/nuevaweb\/los-sindromes-de-bolsillo\/\",\"name\":\"LOS S\u00cdNDROMES DE BOLSILLO | Imago: Terapia en Torrelodones\",\"isPartOf\":{\"@id\":\"https:\/\/www.imagopsicologos.com\/nuevaweb\/#website\"},\"datePublished\":\"2019-09-03T18:40:19+00:00\",\"dateModified\":\"2019-09-03T18:40:19+00:00\",\"breadcrumb\":{\"@id\":\"https:\/\/www.imagopsicologos.com\/nuevaweb\/los-sindromes-de-bolsillo\/#breadcrumb\"},\"inLanguage\":\"es\",\"potentialAction\":[{\"@type\":\"ReadAction\",\"target\":[\"https:\/\/www.imagopsicologos.com\/nuevaweb\/los-sindromes-de-bolsillo\/\"]}]},{\"@type\":\"BreadcrumbList\",\"@id\":\"https:\/\/www.imagopsicologos.com\/nuevaweb\/los-sindromes-de-bolsillo\/#breadcrumb\",\"itemListElement\":[{\"@type\":\"ListItem\",\"position\":1,\"name\":\"Portada\",\"item\":\"https:\/\/www.imagopsicologos.com\/nuevaweb\/\"},{\"@type\":\"ListItem\",\"position\":2,\"name\":\"LOS S\u00cdNDROMES DE BOLSILLO\"}]},{\"@type\":\"WebSite\",\"@id\":\"https:\/\/www.imagopsicologos.com\/nuevaweb\/#website\",\"url\":\"https:\/\/www.imagopsicologos.com\/nuevaweb\/\",\"name\":\"Imago: Terapia en Torrelodones\",\"description\":\"Psicoterapia en Torrelodones en Torrelodones\",\"publisher\":{\"@id\":\"https:\/\/www.imagopsicologos.com\/nuevaweb\/#organization\"},\"alternateName\":\"Centro de psicoterapia en Torrelodones\",\"potentialAction\":[{\"@type\":\"SearchAction\",\"target\":{\"@type\":\"EntryPoint\",\"urlTemplate\":\"https:\/\/www.imagopsicologos.com\/nuevaweb\/?s={search_term_string}\"},\"query-input\":\"required name=search_term_string\"}],\"inLanguage\":\"es\"},{\"@type\":\"Organization\",\"@id\":\"https:\/\/www.imagopsicologos.com\/nuevaweb\/#organization\",\"name\":\"Imago: Terapia en Torrelodones\",\"url\":\"https:\/\/www.imagopsicologos.com\/nuevaweb\/\",\"logo\":{\"@type\":\"ImageObject\",\"inLanguage\":\"es\",\"@id\":\"https:\/\/www.imagopsicologos.com\/nuevaweb\/#\/schema\/logo\/image\/\",\"url\":\"https:\/\/www.imagopsicologos.com\/nuevaweb\/wp-content\/uploads\/2023\/06\/logo-con-telefono-copia.jpeg\",\"contentUrl\":\"https:\/\/www.imagopsicologos.com\/nuevaweb\/wp-content\/uploads\/2023\/06\/logo-con-telefono-copia.jpeg\",\"width\":480,\"height\":480,\"caption\":\"Imago: Terapia en Torrelodones\"},\"image\":{\"@id\":\"https:\/\/www.imagopsicologos.com\/nuevaweb\/#\/schema\/logo\/image\/\"},\"sameAs\":[\"https:\/\/www.facebook.com\/imagopsicologos\/\"]},{\"@type\":\"Person\",\"@id\":\"https:\/\/www.imagopsicologos.com\/nuevaweb\/#\/schema\/person\/9239a95512d4c081a7328527a401e179\",\"name\":\"admin\",\"image\":{\"@type\":\"ImageObject\",\"inLanguage\":\"es\",\"@id\":\"https:\/\/www.imagopsicologos.com\/nuevaweb\/#\/schema\/person\/image\/\",\"url\":\"https:\/\/secure.gravatar.com\/avatar\/899e4ee70cf3334f8869cd9dfa591cdd3e01232bfd02f7244f9f127390634012?s=96&d=mm&r=g\",\"contentUrl\":\"https:\/\/secure.gravatar.com\/avatar\/899e4ee70cf3334f8869cd9dfa591cdd3e01232bfd02f7244f9f127390634012?s=96&d=mm&r=g\",\"caption\":\"admin\"},\"sameAs\":[\"https:\/\/www.imagopsicologos.com\/nuevaweb\"],\"url\":\"https:\/\/www.imagopsicologos.com\/nuevaweb\/author\/admin\/\"}]}<\/script>\n<!-- \/ Yoast SEO plugin. -->","yoast_head_json":{"title":"LOS S\u00cdNDROMES DE BOLSILLO | Imago: Terapia en Torrelodones","robots":{"index":"noindex","follow":"follow","max-snippet":"max-snippet:-1","max-image-preview":"max-image-preview:large","max-video-preview":"max-video-preview:-1"},"og_locale":"es_ES","og_type":"article","og_title":"LOS S\u00cdNDROMES DE BOLSILLO | Imago: Terapia en Torrelodones","og_description":"El s\u00edndrome de Peter Pan, el del Nido Vac\u00edo, el del Emperador, el de Cenicienta, el post vacacional, el de la Abeja Reina\u2026 \u00a0si nos dedicamos a buscar encontraremos una gran\u00a0 cantidad de supuestos \u201ctrastornos\u201d que invaden nuestras vidas y pretenden uniformar experiencias absolutamente personales.","og_url":"https:\/\/www.imagopsicologos.com\/nuevaweb\/los-sindromes-de-bolsillo\/","og_site_name":"Imago: Terapia en Torrelodones","article_publisher":"https:\/\/www.facebook.com\/imagopsicologos\/","article_published_time":"2019-09-03T18:40:19+00:00","og_image":[{"width":424,"height":355,"url":"https:\/\/www.imagopsicologos.com\/nuevaweb\/wp-content\/uploads\/2019\/09\/sindromes-de-bolsillo-psicologos-torrelodones.jpg","type":"image\/jpeg"}],"author":"admin","twitter_card":"summary_large_image","twitter_misc":{"Escrito por":"admin","Tiempo de lectura":"3 minutos"},"schema":{"@context":"https:\/\/schema.org","@graph":[{"@type":"Article","@id":"https:\/\/www.imagopsicologos.com\/nuevaweb\/los-sindromes-de-bolsillo\/#article","isPartOf":{"@id":"https:\/\/www.imagopsicologos.com\/nuevaweb\/los-sindromes-de-bolsillo\/"},"author":{"name":"admin","@id":"https:\/\/www.imagopsicologos.com\/nuevaweb\/#\/schema\/person\/9239a95512d4c081a7328527a401e179"},"headline":"LOS S\u00cdNDROMES DE BOLSILLO","datePublished":"2019-09-03T18:40:19+00:00","dateModified":"2019-09-03T18:40:19+00:00","mainEntityOfPage":{"@id":"https:\/\/www.imagopsicologos.com\/nuevaweb\/los-sindromes-de-bolsillo\/"},"wordCount":693,"publisher":{"@id":"https:\/\/www.imagopsicologos.com\/nuevaweb\/#organization"},"articleSection":["Psicoterapia"],"inLanguage":"es"},{"@type":"WebPage","@id":"https:\/\/www.imagopsicologos.com\/nuevaweb\/los-sindromes-de-bolsillo\/","url":"https:\/\/www.imagopsicologos.com\/nuevaweb\/los-sindromes-de-bolsillo\/","name":"LOS S\u00cdNDROMES DE BOLSILLO | Imago: Terapia en Torrelodones","isPartOf":{"@id":"https:\/\/www.imagopsicologos.com\/nuevaweb\/#website"},"datePublished":"2019-09-03T18:40:19+00:00","dateModified":"2019-09-03T18:40:19+00:00","breadcrumb":{"@id":"https:\/\/www.imagopsicologos.com\/nuevaweb\/los-sindromes-de-bolsillo\/#breadcrumb"},"inLanguage":"es","potentialAction":[{"@type":"ReadAction","target":["https:\/\/www.imagopsicologos.com\/nuevaweb\/los-sindromes-de-bolsillo\/"]}]},{"@type":"BreadcrumbList","@id":"https:\/\/www.imagopsicologos.com\/nuevaweb\/los-sindromes-de-bolsillo\/#breadcrumb","itemListElement":[{"@type":"ListItem","position":1,"name":"Portada","item":"https:\/\/www.imagopsicologos.com\/nuevaweb\/"},{"@type":"ListItem","position":2,"name":"LOS S\u00cdNDROMES DE BOLSILLO"}]},{"@type":"WebSite","@id":"https:\/\/www.imagopsicologos.com\/nuevaweb\/#website","url":"https:\/\/www.imagopsicologos.com\/nuevaweb\/","name":"Imago: Terapia en Torrelodones","description":"Psicoterapia en Torrelodones en Torrelodones","publisher":{"@id":"https:\/\/www.imagopsicologos.com\/nuevaweb\/#organization"},"alternateName":"Centro de psicoterapia en Torrelodones","potentialAction":[{"@type":"SearchAction","target":{"@type":"EntryPoint","urlTemplate":"https:\/\/www.imagopsicologos.com\/nuevaweb\/?s={search_term_string}"},"query-input":"required name=search_term_string"}],"inLanguage":"es"},{"@type":"Organization","@id":"https:\/\/www.imagopsicologos.com\/nuevaweb\/#organization","name":"Imago: Terapia en Torrelodones","url":"https:\/\/www.imagopsicologos.com\/nuevaweb\/","logo":{"@type":"ImageObject","inLanguage":"es","@id":"https:\/\/www.imagopsicologos.com\/nuevaweb\/#\/schema\/logo\/image\/","url":"https:\/\/www.imagopsicologos.com\/nuevaweb\/wp-content\/uploads\/2023\/06\/logo-con-telefono-copia.jpeg","contentUrl":"https:\/\/www.imagopsicologos.com\/nuevaweb\/wp-content\/uploads\/2023\/06\/logo-con-telefono-copia.jpeg","width":480,"height":480,"caption":"Imago: Terapia en Torrelodones"},"image":{"@id":"https:\/\/www.imagopsicologos.com\/nuevaweb\/#\/schema\/logo\/image\/"},"sameAs":["https:\/\/www.facebook.com\/imagopsicologos\/"]},{"@type":"Person","@id":"https:\/\/www.imagopsicologos.com\/nuevaweb\/#\/schema\/person\/9239a95512d4c081a7328527a401e179","name":"admin","image":{"@type":"ImageObject","inLanguage":"es","@id":"https:\/\/www.imagopsicologos.com\/nuevaweb\/#\/schema\/person\/image\/","url":"https:\/\/secure.gravatar.com\/avatar\/899e4ee70cf3334f8869cd9dfa591cdd3e01232bfd02f7244f9f127390634012?s=96&d=mm&r=g","contentUrl":"https:\/\/secure.gravatar.com\/avatar\/899e4ee70cf3334f8869cd9dfa591cdd3e01232bfd02f7244f9f127390634012?s=96&d=mm&r=g","caption":"admin"},"sameAs":["https:\/\/www.imagopsicologos.com\/nuevaweb"],"url":"https:\/\/www.imagopsicologos.com\/nuevaweb\/author\/admin\/"}]}},"_links":{"self":[{"href":"https:\/\/www.imagopsicologos.com\/nuevaweb\/wp-json\/wp\/v2\/posts\/6825","targetHints":{"allow":["GET"]}}],"collection":[{"href":"https:\/\/www.imagopsicologos.com\/nuevaweb\/wp-json\/wp\/v2\/posts"}],"about":[{"href":"https:\/\/www.imagopsicologos.com\/nuevaweb\/wp-json\/wp\/v2\/types\/post"}],"author":[{"embeddable":true,"href":"https:\/\/www.imagopsicologos.com\/nuevaweb\/wp-json\/wp\/v2\/users\/1"}],"replies":[{"embeddable":true,"href":"https:\/\/www.imagopsicologos.com\/nuevaweb\/wp-json\/wp\/v2\/comments?post=6825"}],"version-history":[{"count":0,"href":"https:\/\/www.imagopsicologos.com\/nuevaweb\/wp-json\/wp\/v2\/posts\/6825\/revisions"}],"wp:featuredmedia":[{"embeddable":true,"href":"https:\/\/www.imagopsicologos.com\/nuevaweb\/wp-json\/wp\/v2\/media\/6826"}],"wp:attachment":[{"href":"https:\/\/www.imagopsicologos.com\/nuevaweb\/wp-json\/wp\/v2\/media?parent=6825"}],"wp:term":[{"taxonomy":"category","embeddable":true,"href":"https:\/\/www.imagopsicologos.com\/nuevaweb\/wp-json\/wp\/v2\/categories?post=6825"},{"taxonomy":"post_tag","embeddable":true,"href":"https:\/\/www.imagopsicologos.com\/nuevaweb\/wp-json\/wp\/v2\/tags?post=6825"}],"curies":[{"name":"wp","href":"https:\/\/api.w.org\/{rel}","templated":true}]}}