{"id":6823,"date":"2019-10-24T18:34:12","date_gmt":"2019-10-24T18:34:12","guid":{"rendered":"https:\/\/www.imagopsicologos.com\/nuevaweb\/?p=6501"},"modified":"2019-10-24T18:34:12","modified_gmt":"2019-10-24T18:34:12","slug":"es-normal-lo-que-me-pasa","status":"publish","type":"post","link":"https:\/\/www.imagopsicologos.com\/nuevaweb\/es-normal-lo-que-me-pasa\/","title":{"rendered":"\u00bfES NORMAL LO QUE ME PASA\u2026???"},"content":{"rendered":"<h2>\u201c\u00bfSoy normal?\u201d<br \/>\n\u201cNo me veo normal\u201d<br \/>\n\u201cEsto es normal \u2026\u201d<\/h2>\n<p>Son comentarios que aparecen cada vez con m\u00e1s frecuencia en las consultas y nos indican que la preocupaci\u00f3n por la normalidad est\u00e1 cada vez m\u00e1s presente entre nosotros.<\/p>\n<p>A\u00f1os atr\u00e1s las personas recurr\u00edan a terapia cuando se sent\u00edan mal, cuando sufr\u00edan por algo, hoy lo que preocupa es no ser normales.<\/p>\n<p>Tener \u201cuna familia normal\u201d \u201cuna pareja normal\u201d \u201cun trabajo normal\u201d, son metas a las que la mayor\u00eda de personas aspira pero \u00bfQu\u00e9 es \u201clo normal\u201d? eso no se pregunta, se da por hecho lo que significa y cuando llegan a terapia con la pregunta \u201c\u00bfes normal lo que me pasa?\u201d su angustia tiene que ver con la pregunta \u201c\u00bfesto le ocurre a todo el mundo o soy yo el raro o la rara?<\/p>\n<p>Nos exigimos a nosotros mismos ser normales y nos preocupamos cuando surge algo que no nos parece normal.<\/p>\n<p>La palabra \u201cnornal\u201d deriva de NORMA que seg\u00fan el diccionario es \u201cla regla que se debe seguir\u201d o \u201ca lo que deben ajustarse las conductas\u201d. Seguir la norma es una manera de unificar o borrar\u00a0 lo diferente. Lo anormal entonces es lo\u00a0 diferente, lo particular, lo propio.<\/p>\n<p>Yendo un poco m\u00e1s all\u00e1, se tiende a equiparar lo normal con lo sano, lo adecuado, lo correcto,\u00a0 y lo anormal con lo patol\u00f3gico o lo enfermo.<\/p>\n<p>Los libros de autoayuda, &#8211; que dicho sea de paso, se venden m\u00e1s que las novelas- son las grandes referencias de \u201clo que debe ser\u201d, o sea de lo normal y de lo que \u201cno \u201cdebe ser\u201d o sea lo \u201canormal\u201d<\/p>\n<p><strong>\u00bfC\u00f3mo hay que ser padre?<\/strong><\/p>\n<p><strong>\u00bfC\u00f3mo hay que amar?<\/strong><\/p>\n<p><strong>\u00bfC\u00f3mo hay que tener relaciones sexuales?<\/strong><\/p>\n<p>Son algunos de los grandes temas que trata esta literatura, \u00a0porque ser normal se ha convertido en un conjunto de exigencias que afectan a nuestra vida al punto en que si no las cumplimos tenemos la sensaci\u00f3n de estar cometiendo alguna infracci\u00f3n.<\/p>\n<p>\u00bfY si le dij\u00e9ramos que la persona normal no existe? \u00bfQu\u00e9 la normalidad es un espejismo y que cada persona es \u00fanica y distinta? \u00bf Y si pensara que esta preocupaci\u00f3n desmedida por encajar en la normalidad es una servidumbre que elimina lo m\u00e1s propio que usted tiene?<\/p>\n<p>&nbsp;<\/p>\n<h2>\u00bfY ENTONCES QU\u00c9?<\/h2>\n<p><strong>\u00bfEs normal que mi hija adolescente me odie?<\/strong><\/p>\n<p><strong>\u00bfEs normal que los hombres seamos infieles?<\/strong><\/p>\n<p><strong>\u00bfEs normal que me sienta triste?<\/strong><\/p>\n<p><strong>\u00bfEs normal que \u2026?<\/strong><\/p>\n<p>Si est\u00e1 usted preocupado pensando en la normalidad de lo que le ocurre lo invitamos a pensar acerca de lo que ronda a su pregunta, all\u00ed encontrar\u00e1 pistas mucho m\u00e1s interesantes:<\/p>\n<p><strong>\u00bfC\u00f3mo hemos llegado, mi hija y yo a esta situaci\u00f3n?<\/strong><\/p>\n<p><strong>\u00bfQu\u00e9 me pasa con mi pareja que siempre estoy buscando nuevas relaciones?<\/strong><\/p>\n<p><strong>\u00bfDesde cu\u00e1ndo me siento triste? \u00bfQu\u00e9 me entristece?<\/strong><\/p>\n<p>Se sorprender\u00e1 cu\u00e1nto puede descubrir acerca de su propia singularidad, de lo m\u00e1s propio e \u00edntimo, \u00a0si le da cabida a estas preguntas.<\/p>\n<p>&nbsp;<\/p>\n","protected":false},"excerpt":{"rendered":"<p>\u201c\u00bfSoy normal?\u201d \u201cNo me veo normal\u201d \u201cEsto es normal \u2026\u201d Son comentarios que aparecen cada vez con m\u00e1s frecuencia en las consultas y nos indican que la preocupaci\u00f3n por la normalidad est\u00e1 cada vez m\u00e1s presente entre nosotros. A\u00f1os atr\u00e1s las personas recurr\u00edan a terapia cuando se sent\u00edan mal, cuando sufr\u00edan por algo, hoy lo [&hellip;]<\/p>\n","protected":false},"author":1,"featured_media":6824,"comment_status":"closed","ping_status":"open","sticky":false,"template":"","format":"standard","meta":{"_et_pb_use_builder":"","_et_pb_old_content":"","_et_gb_content_width":"","footnotes":""},"categories":[11],"tags":[],"class_list":["post-6823","post","type-post","status-publish","format-standard","has-post-thumbnail","hentry","category-sin-categoria"],"yoast_head":"<!-- This site is optimized with the Yoast SEO plugin v20.9 - https:\/\/yoast.com\/wordpress\/plugins\/seo\/ -->\n<title>\u00bfES NORMAL LO QUE ME PASA\u2026??? | Imago: Terapia en Torrelodones<\/title>\n<meta name=\"robots\" content=\"noindex, follow, max-snippet:-1, max-image-preview:large, max-video-preview:-1\" \/>\n<meta property=\"og:locale\" content=\"es_ES\" \/>\n<meta property=\"og:type\" content=\"article\" \/>\n<meta property=\"og:title\" content=\"\u00bfES NORMAL LO QUE ME PASA\u2026??? | Imago: Terapia en Torrelodones\" \/>\n<meta property=\"og:description\" content=\"\u201c\u00bfSoy normal?\u201d \u201cNo me veo normal\u201d \u201cEsto es normal \u2026\u201d Son comentarios que aparecen cada vez con m\u00e1s frecuencia en las consultas y nos indican que la preocupaci\u00f3n por la normalidad est\u00e1 cada vez m\u00e1s presente entre nosotros. A\u00f1os atr\u00e1s las personas recurr\u00edan a terapia cuando se sent\u00edan mal, cuando sufr\u00edan por algo, hoy lo [&hellip;]\" \/>\n<meta property=\"og:url\" content=\"https:\/\/www.imagopsicologos.com\/nuevaweb\/es-normal-lo-que-me-pasa\/\" \/>\n<meta property=\"og:site_name\" content=\"Imago: Terapia en Torrelodones\" \/>\n<meta property=\"article:publisher\" content=\"https:\/\/www.facebook.com\/imagopsicologos\/\" \/>\n<meta property=\"article:published_time\" content=\"2019-10-24T18:34:12+00:00\" \/>\n<meta property=\"og:image\" content=\"https:\/\/www.imagopsicologos.com\/nuevaweb\/wp-content\/uploads\/2019\/10\/es-normal-lo-que-me-pasa-psico\u0301logo.jpg\" \/>\n\t<meta property=\"og:image:width\" content=\"425\" \/>\n\t<meta property=\"og:image:height\" content=\"352\" \/>\n\t<meta property=\"og:image:type\" content=\"image\/jpeg\" \/>\n<meta name=\"author\" content=\"admin\" \/>\n<meta name=\"twitter:card\" content=\"summary_large_image\" \/>\n<meta name=\"twitter:label1\" content=\"Escrito por\" \/>\n\t<meta name=\"twitter:data1\" content=\"admin\" \/>\n\t<meta name=\"twitter:label2\" content=\"Tiempo de lectura\" \/>\n\t<meta name=\"twitter:data2\" content=\"3 minutos\" \/>\n<script type=\"application\/ld+json\" class=\"yoast-schema-graph\">{\"@context\":\"https:\/\/schema.org\",\"@graph\":[{\"@type\":\"Article\",\"@id\":\"https:\/\/www.imagopsicologos.com\/nuevaweb\/es-normal-lo-que-me-pasa\/#article\",\"isPartOf\":{\"@id\":\"https:\/\/www.imagopsicologos.com\/nuevaweb\/es-normal-lo-que-me-pasa\/\"},\"author\":{\"name\":\"admin\",\"@id\":\"https:\/\/www.imagopsicologos.com\/nuevaweb\/#\/schema\/person\/9239a95512d4c081a7328527a401e179\"},\"headline\":\"\u00bfES NORMAL LO QUE ME PASA\u2026???\",\"datePublished\":\"2019-10-24T18:34:12+00:00\",\"dateModified\":\"2019-10-24T18:34:12+00:00\",\"mainEntityOfPage\":{\"@id\":\"https:\/\/www.imagopsicologos.com\/nuevaweb\/es-normal-lo-que-me-pasa\/\"},\"wordCount\":516,\"publisher\":{\"@id\":\"https:\/\/www.imagopsicologos.com\/nuevaweb\/#organization\"},\"inLanguage\":\"es\"},{\"@type\":\"WebPage\",\"@id\":\"https:\/\/www.imagopsicologos.com\/nuevaweb\/es-normal-lo-que-me-pasa\/\",\"url\":\"https:\/\/www.imagopsicologos.com\/nuevaweb\/es-normal-lo-que-me-pasa\/\",\"name\":\"\u00bfES NORMAL LO QUE ME PASA\u2026??? | Imago: Terapia en Torrelodones\",\"isPartOf\":{\"@id\":\"https:\/\/www.imagopsicologos.com\/nuevaweb\/#website\"},\"datePublished\":\"2019-10-24T18:34:12+00:00\",\"dateModified\":\"2019-10-24T18:34:12+00:00\",\"breadcrumb\":{\"@id\":\"https:\/\/www.imagopsicologos.com\/nuevaweb\/es-normal-lo-que-me-pasa\/#breadcrumb\"},\"inLanguage\":\"es\",\"potentialAction\":[{\"@type\":\"ReadAction\",\"target\":[\"https:\/\/www.imagopsicologos.com\/nuevaweb\/es-normal-lo-que-me-pasa\/\"]}]},{\"@type\":\"BreadcrumbList\",\"@id\":\"https:\/\/www.imagopsicologos.com\/nuevaweb\/es-normal-lo-que-me-pasa\/#breadcrumb\",\"itemListElement\":[{\"@type\":\"ListItem\",\"position\":1,\"name\":\"Portada\",\"item\":\"https:\/\/www.imagopsicologos.com\/nuevaweb\/\"},{\"@type\":\"ListItem\",\"position\":2,\"name\":\"\u00bfES NORMAL LO QUE ME PASA\u2026???\"}]},{\"@type\":\"WebSite\",\"@id\":\"https:\/\/www.imagopsicologos.com\/nuevaweb\/#website\",\"url\":\"https:\/\/www.imagopsicologos.com\/nuevaweb\/\",\"name\":\"Imago: Terapia en Torrelodones\",\"description\":\"Psicoterapia en Torrelodones en Torrelodones\",\"publisher\":{\"@id\":\"https:\/\/www.imagopsicologos.com\/nuevaweb\/#organization\"},\"alternateName\":\"Centro de psicoterapia en Torrelodones\",\"potentialAction\":[{\"@type\":\"SearchAction\",\"target\":{\"@type\":\"EntryPoint\",\"urlTemplate\":\"https:\/\/www.imagopsicologos.com\/nuevaweb\/?s={search_term_string}\"},\"query-input\":\"required name=search_term_string\"}],\"inLanguage\":\"es\"},{\"@type\":\"Organization\",\"@id\":\"https:\/\/www.imagopsicologos.com\/nuevaweb\/#organization\",\"name\":\"Imago: Terapia en Torrelodones\",\"url\":\"https:\/\/www.imagopsicologos.com\/nuevaweb\/\",\"logo\":{\"@type\":\"ImageObject\",\"inLanguage\":\"es\",\"@id\":\"https:\/\/www.imagopsicologos.com\/nuevaweb\/#\/schema\/logo\/image\/\",\"url\":\"https:\/\/www.imagopsicologos.com\/nuevaweb\/wp-content\/uploads\/2023\/06\/logo-con-telefono-copia.jpeg\",\"contentUrl\":\"https:\/\/www.imagopsicologos.com\/nuevaweb\/wp-content\/uploads\/2023\/06\/logo-con-telefono-copia.jpeg\",\"width\":480,\"height\":480,\"caption\":\"Imago: Terapia en Torrelodones\"},\"image\":{\"@id\":\"https:\/\/www.imagopsicologos.com\/nuevaweb\/#\/schema\/logo\/image\/\"},\"sameAs\":[\"https:\/\/www.facebook.com\/imagopsicologos\/\"]},{\"@type\":\"Person\",\"@id\":\"https:\/\/www.imagopsicologos.com\/nuevaweb\/#\/schema\/person\/9239a95512d4c081a7328527a401e179\",\"name\":\"admin\",\"image\":{\"@type\":\"ImageObject\",\"inLanguage\":\"es\",\"@id\":\"https:\/\/www.imagopsicologos.com\/nuevaweb\/#\/schema\/person\/image\/\",\"url\":\"https:\/\/secure.gravatar.com\/avatar\/899e4ee70cf3334f8869cd9dfa591cdd3e01232bfd02f7244f9f127390634012?s=96&d=mm&r=g\",\"contentUrl\":\"https:\/\/secure.gravatar.com\/avatar\/899e4ee70cf3334f8869cd9dfa591cdd3e01232bfd02f7244f9f127390634012?s=96&d=mm&r=g\",\"caption\":\"admin\"},\"sameAs\":[\"https:\/\/www.imagopsicologos.com\/nuevaweb\"],\"url\":\"https:\/\/www.imagopsicologos.com\/nuevaweb\/author\/admin\/\"}]}<\/script>\n<!-- \/ Yoast SEO plugin. -->","yoast_head_json":{"title":"\u00bfES NORMAL LO QUE ME PASA\u2026??? | Imago: Terapia en Torrelodones","robots":{"index":"noindex","follow":"follow","max-snippet":"max-snippet:-1","max-image-preview":"max-image-preview:large","max-video-preview":"max-video-preview:-1"},"og_locale":"es_ES","og_type":"article","og_title":"\u00bfES NORMAL LO QUE ME PASA\u2026??? | Imago: Terapia en Torrelodones","og_description":"\u201c\u00bfSoy normal?\u201d \u201cNo me veo normal\u201d \u201cEsto es normal \u2026\u201d Son comentarios que aparecen cada vez con m\u00e1s frecuencia en las consultas y nos indican que la preocupaci\u00f3n por la normalidad est\u00e1 cada vez m\u00e1s presente entre nosotros. A\u00f1os atr\u00e1s las personas recurr\u00edan a terapia cuando se sent\u00edan mal, cuando sufr\u00edan por algo, hoy lo [&hellip;]","og_url":"https:\/\/www.imagopsicologos.com\/nuevaweb\/es-normal-lo-que-me-pasa\/","og_site_name":"Imago: Terapia en Torrelodones","article_publisher":"https:\/\/www.facebook.com\/imagopsicologos\/","article_published_time":"2019-10-24T18:34:12+00:00","og_image":[{"width":425,"height":352,"url":"https:\/\/www.imagopsicologos.com\/nuevaweb\/wp-content\/uploads\/2019\/10\/es-normal-lo-que-me-pasa-psico\u0301logo.jpg","type":"image\/jpeg"}],"author":"admin","twitter_card":"summary_large_image","twitter_misc":{"Escrito por":"admin","Tiempo de lectura":"3 minutos"},"schema":{"@context":"https:\/\/schema.org","@graph":[{"@type":"Article","@id":"https:\/\/www.imagopsicologos.com\/nuevaweb\/es-normal-lo-que-me-pasa\/#article","isPartOf":{"@id":"https:\/\/www.imagopsicologos.com\/nuevaweb\/es-normal-lo-que-me-pasa\/"},"author":{"name":"admin","@id":"https:\/\/www.imagopsicologos.com\/nuevaweb\/#\/schema\/person\/9239a95512d4c081a7328527a401e179"},"headline":"\u00bfES NORMAL LO QUE ME PASA\u2026???","datePublished":"2019-10-24T18:34:12+00:00","dateModified":"2019-10-24T18:34:12+00:00","mainEntityOfPage":{"@id":"https:\/\/www.imagopsicologos.com\/nuevaweb\/es-normal-lo-que-me-pasa\/"},"wordCount":516,"publisher":{"@id":"https:\/\/www.imagopsicologos.com\/nuevaweb\/#organization"},"inLanguage":"es"},{"@type":"WebPage","@id":"https:\/\/www.imagopsicologos.com\/nuevaweb\/es-normal-lo-que-me-pasa\/","url":"https:\/\/www.imagopsicologos.com\/nuevaweb\/es-normal-lo-que-me-pasa\/","name":"\u00bfES NORMAL LO QUE ME PASA\u2026??? | Imago: Terapia en Torrelodones","isPartOf":{"@id":"https:\/\/www.imagopsicologos.com\/nuevaweb\/#website"},"datePublished":"2019-10-24T18:34:12+00:00","dateModified":"2019-10-24T18:34:12+00:00","breadcrumb":{"@id":"https:\/\/www.imagopsicologos.com\/nuevaweb\/es-normal-lo-que-me-pasa\/#breadcrumb"},"inLanguage":"es","potentialAction":[{"@type":"ReadAction","target":["https:\/\/www.imagopsicologos.com\/nuevaweb\/es-normal-lo-que-me-pasa\/"]}]},{"@type":"BreadcrumbList","@id":"https:\/\/www.imagopsicologos.com\/nuevaweb\/es-normal-lo-que-me-pasa\/#breadcrumb","itemListElement":[{"@type":"ListItem","position":1,"name":"Portada","item":"https:\/\/www.imagopsicologos.com\/nuevaweb\/"},{"@type":"ListItem","position":2,"name":"\u00bfES NORMAL LO QUE ME PASA\u2026???"}]},{"@type":"WebSite","@id":"https:\/\/www.imagopsicologos.com\/nuevaweb\/#website","url":"https:\/\/www.imagopsicologos.com\/nuevaweb\/","name":"Imago: Terapia en Torrelodones","description":"Psicoterapia en Torrelodones en Torrelodones","publisher":{"@id":"https:\/\/www.imagopsicologos.com\/nuevaweb\/#organization"},"alternateName":"Centro de psicoterapia en Torrelodones","potentialAction":[{"@type":"SearchAction","target":{"@type":"EntryPoint","urlTemplate":"https:\/\/www.imagopsicologos.com\/nuevaweb\/?s={search_term_string}"},"query-input":"required name=search_term_string"}],"inLanguage":"es"},{"@type":"Organization","@id":"https:\/\/www.imagopsicologos.com\/nuevaweb\/#organization","name":"Imago: Terapia en Torrelodones","url":"https:\/\/www.imagopsicologos.com\/nuevaweb\/","logo":{"@type":"ImageObject","inLanguage":"es","@id":"https:\/\/www.imagopsicologos.com\/nuevaweb\/#\/schema\/logo\/image\/","url":"https:\/\/www.imagopsicologos.com\/nuevaweb\/wp-content\/uploads\/2023\/06\/logo-con-telefono-copia.jpeg","contentUrl":"https:\/\/www.imagopsicologos.com\/nuevaweb\/wp-content\/uploads\/2023\/06\/logo-con-telefono-copia.jpeg","width":480,"height":480,"caption":"Imago: Terapia en Torrelodones"},"image":{"@id":"https:\/\/www.imagopsicologos.com\/nuevaweb\/#\/schema\/logo\/image\/"},"sameAs":["https:\/\/www.facebook.com\/imagopsicologos\/"]},{"@type":"Person","@id":"https:\/\/www.imagopsicologos.com\/nuevaweb\/#\/schema\/person\/9239a95512d4c081a7328527a401e179","name":"admin","image":{"@type":"ImageObject","inLanguage":"es","@id":"https:\/\/www.imagopsicologos.com\/nuevaweb\/#\/schema\/person\/image\/","url":"https:\/\/secure.gravatar.com\/avatar\/899e4ee70cf3334f8869cd9dfa591cdd3e01232bfd02f7244f9f127390634012?s=96&d=mm&r=g","contentUrl":"https:\/\/secure.gravatar.com\/avatar\/899e4ee70cf3334f8869cd9dfa591cdd3e01232bfd02f7244f9f127390634012?s=96&d=mm&r=g","caption":"admin"},"sameAs":["https:\/\/www.imagopsicologos.com\/nuevaweb"],"url":"https:\/\/www.imagopsicologos.com\/nuevaweb\/author\/admin\/"}]}},"_links":{"self":[{"href":"https:\/\/www.imagopsicologos.com\/nuevaweb\/wp-json\/wp\/v2\/posts\/6823","targetHints":{"allow":["GET"]}}],"collection":[{"href":"https:\/\/www.imagopsicologos.com\/nuevaweb\/wp-json\/wp\/v2\/posts"}],"about":[{"href":"https:\/\/www.imagopsicologos.com\/nuevaweb\/wp-json\/wp\/v2\/types\/post"}],"author":[{"embeddable":true,"href":"https:\/\/www.imagopsicologos.com\/nuevaweb\/wp-json\/wp\/v2\/users\/1"}],"replies":[{"embeddable":true,"href":"https:\/\/www.imagopsicologos.com\/nuevaweb\/wp-json\/wp\/v2\/comments?post=6823"}],"version-history":[{"count":0,"href":"https:\/\/www.imagopsicologos.com\/nuevaweb\/wp-json\/wp\/v2\/posts\/6823\/revisions"}],"wp:featuredmedia":[{"embeddable":true,"href":"https:\/\/www.imagopsicologos.com\/nuevaweb\/wp-json\/wp\/v2\/media\/6824"}],"wp:attachment":[{"href":"https:\/\/www.imagopsicologos.com\/nuevaweb\/wp-json\/wp\/v2\/media?parent=6823"}],"wp:term":[{"taxonomy":"category","embeddable":true,"href":"https:\/\/www.imagopsicologos.com\/nuevaweb\/wp-json\/wp\/v2\/categories?post=6823"},{"taxonomy":"post_tag","embeddable":true,"href":"https:\/\/www.imagopsicologos.com\/nuevaweb\/wp-json\/wp\/v2\/tags?post=6823"}],"curies":[{"name":"wp","href":"https:\/\/api.w.org\/{rel}","templated":true}]}}