{"id":6819,"date":"2020-01-30T18:33:05","date_gmt":"2020-01-30T18:33:05","guid":{"rendered":"https:\/\/www.imagopsicologos.com\/nuevaweb\/?p=6510"},"modified":"2020-01-30T18:33:05","modified_gmt":"2020-01-30T18:33:05","slug":"padres-e-hijos-cuando-el-problema-es-como-nos-relacionamos","status":"publish","type":"post","link":"https:\/\/www.imagopsicologos.com\/nuevaweb\/padres-e-hijos-cuando-el-problema-es-como-nos-relacionamos\/","title":{"rendered":"Padres e hijos: Cuando el problema es c\u00f3mo nos relacionamos"},"content":{"rendered":"<h2>A lo largo del siglo pasado, la autoridad de los padres\u00a0 fue cuestionada tanto por la falta como el exceso de autoridad. Antes, la cultura respaldaba esta autoridad . Hoy la jaquea.<\/h2>\n<p>\u201cL\u00edmites! Hay que poner l\u00edmites a los hij@s!\u201d. Este reclamo, o\u00eddo por doquier, resuena en la escuela y la familia, entre padres y profesores. \u00a1L\u00edmites, m\u00e1s l\u00edmites! \u00bfAcaso la falta de l\u00edmites se deriva de la decadencia de la autoridad? A lo largo del siglo pasado, el lugar de la autoridad de los padres perdi\u00f3 valor, sin duda, ya no son escuchados, m\u00e1s bien se los critica, est\u00e1n en la picota: se les reclaman l\u00edmites y, si los ponen, se los tilda de autoritarios o violentos, se les exige perfecci\u00f3n y a la vez que asuman sus imperfecciones\u2026 Antes, toda nuestra cultura sosten\u00eda el respeto los padres; hoy, muchos les llevan la contra; ser padre y ser madre\u00a0 se ha vuelto \u00a0dif\u00edcil.<\/p>\n<h2>Todo esto es cierto, pero plantearlo as\u00ed no permite deducir modos de resolver el problema. Exploremos otra v\u00eda.<\/h2>\n<p>Cuando el joven no acata la orden del mayor, decir que \u00e9ste no sabe hacerse respetar y que aqu\u00e9l es desobediente puede parecer evidente, pero es tan est\u00e9ril como atribuir el poder sopor\u00edfero del opio a su \u00abcapacidad hipn\u00f3tica\u00bb. Para peor, es una \u201cexplicaci\u00f3n\u201d que ofende a ambos, padres y hijos sin ayudar a resolver la situaci\u00f3n.<\/p>\n<p>&nbsp;<\/p>\n<p>Si observ\u00e1ramos lo que ocurre como que \u00a0<strong>algo anda mal en la relaci\u00f3n<\/strong> adulto-joven, poner la lupa en ella ser\u00e1 mejor y no resultar\u00e1 ofensivo ni prejuicioso.<\/p>\n<p>Consideremos, pues, la posibilidad de que el problema no est\u00e9 en ninguno de los dos ni en el adulto ni en el joven, sino <strong>en el modo c\u00f3mo se relacionan<\/strong>. \u00a0Para descubrir por qu\u00e9 la cosa no marcha como es debido, un s\u00edmil puede ayudar: un jinete monta su caballo, las riendas que ligan su mano con el freno son fr\u00e1giles y al primer tir\u00f3n se pulverizan, entonces sus maniobras son in\u00fatiles y el caballo no acata sus \u00f3rdenes porque nada los une. Decir que el jinete es torpe o el caballo es rebelde ser\u00eda injusto y rid\u00edculo. Situar la dificultad en las riendas, permite dar soluci\u00f3n al problema: hay que crearlas m\u00e1s firmes.<\/p>\n<p>Cuando el adulto dice \u00abNo hagas eso\u00bb y el joven lo desobedece, \u00bfqu\u00e9 es lo que deber\u00eda vincularlos y qu\u00e9 se ha pulverizado como las riendas? Para responder, apelaremos a otra analog\u00eda.<\/p>\n<p>Si unos peatones que caminan tranquilamente por la calle oyen una orden \u00ab\u00a1Cuerpo a tierra!\u00bb, se asombrar\u00e1n, seguir\u00e1n de largo o mirar\u00e1n a quien ha lanzado el grito, mientras que, si los llevan a la guerra y la voz que escuchan es la del capit\u00e1n, se arrojar\u00e1n al suelo sin pensar. Las personas y el grito no han cambiado, pero en un caso la orden es eficaz y en otro no. \u00bfQu\u00e9 rienda existe o falta respectivamente?<\/p>\n<p>S\u00f3lo un tejido de reglas, acuerdos honestos, s\u00edmbolos y, en definitiva, palabras, crea una relaci\u00f3n gracias al cual la orden tendr\u00e1 efecto. Si bien la orden est\u00e1 hecha de palabras, no crea en s\u00ed misma v\u00ednculo alguno, as\u00ed como las maniobras del jinete no son ni suplen la rienda faltante.<\/p>\n<p>\u00bfDe qu\u00e9 est\u00e1 hecho aquello que deber\u00eda vincular al adulto con el joven y que se ha esfumado como las riendas? Est\u00e1 hecho\u00a0 de palabras, pero no las imperativas utilizadas para ordenar o prohibir. Quien lamenta la rebeld\u00eda o el pasotismo del joven es tan rid\u00edculo como el jinete sin riendas que maldice la resistencia del caballo; castigar al desobediente es absurdo en ambos casos. \u00bfEl caballo debe forjar riendas m\u00e1s resistentes? \u00bfEl joven debe crear lazos \u00a0m\u00e1s firmes? Cuando l\u00edmites y \u00f3rdenes no son respetados, \u00bfqui\u00e9n debe tejer la trama?<\/p>\n<p>Tal vez el debilitamiento de los v\u00ednculos entre padres e hijos, v\u00ednculos hechos de palabras, explique la decadencia de la autoridad de los padres y no al rev\u00e9s. Lo cierto es que sus efectos s\u00f3lo se revertir\u00e1n si los adultos aprenden a hablar abierta y honestamente \u00a0con los j\u00f3venes. La responsabilidad es suya. De lo contrario, actuar\u00e1n como jinetes sin riendas sobre caballos desbocados a los que castigar\u00e1n injustamente\u2026 hasta que \u00e9stos logren sac\u00e1rselos de encima y darles, si pueden, unas merecidas coces.<\/p>\n<p><strong>Adaptado de \u00a0Gerardo Arenas <em>\u201c<\/em><em>Cuando el problema es el lazo que (no) une<\/em>\u201d Revista P\u00e1gina 12<\/strong><\/p>\n","protected":false},"excerpt":{"rendered":"<p>A lo largo del siglo pasado, la autoridad de los padres\u00a0 fue cuestionada tanto por la falta como el exceso de autoridad. Antes, la cultura respaldaba esta autoridad . Hoy la jaquea. \u201cL\u00edmites! Hay que poner l\u00edmites a los hij@s!\u201d. Este reclamo, o\u00eddo por doquier, resuena en la escuela y la familia, entre padres y [&hellip;]<\/p>\n","protected":false},"author":1,"featured_media":6820,"comment_status":"closed","ping_status":"open","sticky":false,"template":"","format":"standard","meta":{"_et_pb_use_builder":"","_et_pb_old_content":"","_et_gb_content_width":"","footnotes":""},"categories":[4],"tags":[],"class_list":["post-6819","post","type-post","status-publish","format-standard","has-post-thumbnail","hentry","category-psicoterapia"],"yoast_head":"<!-- This site is optimized with the Yoast SEO plugin v20.9 - https:\/\/yoast.com\/wordpress\/plugins\/seo\/ -->\n<title>Padres e hijos: Cuando el problema es c\u00f3mo nos relacionamos | Imago: Terapia en Torrelodones<\/title>\n<meta name=\"robots\" content=\"noindex, follow, max-snippet:-1, max-image-preview:large, max-video-preview:-1\" \/>\n<meta property=\"og:locale\" content=\"es_ES\" \/>\n<meta property=\"og:type\" content=\"article\" \/>\n<meta property=\"og:title\" content=\"Padres e hijos: Cuando el problema es c\u00f3mo nos relacionamos | Imago: Terapia en Torrelodones\" \/>\n<meta property=\"og:description\" content=\"A lo largo del siglo pasado, la autoridad de los padres\u00a0 fue cuestionada tanto por la falta como el exceso de autoridad. Antes, la cultura respaldaba esta autoridad . Hoy la jaquea. \u201cL\u00edmites! Hay que poner l\u00edmites a los hij@s!\u201d. Este reclamo, o\u00eddo por doquier, resuena en la escuela y la familia, entre padres y [&hellip;]\" \/>\n<meta property=\"og:url\" content=\"https:\/\/www.imagopsicologos.com\/nuevaweb\/padres-e-hijos-cuando-el-problema-es-como-nos-relacionamos\/\" \/>\n<meta property=\"og:site_name\" content=\"Imago: Terapia en Torrelodones\" \/>\n<meta property=\"article:publisher\" content=\"https:\/\/www.facebook.com\/imagopsicologos\/\" \/>\n<meta property=\"article:published_time\" content=\"2020-01-30T18:33:05+00:00\" \/>\n<meta property=\"og:image\" content=\"https:\/\/www.imagopsicologos.com\/nuevaweb\/wp-content\/uploads\/2020\/01\/Padres-e-hijos-como-relacionarnos.png\" \/>\n\t<meta property=\"og:image:width\" content=\"910\" \/>\n\t<meta property=\"og:image:height\" content=\"553\" \/>\n\t<meta property=\"og:image:type\" content=\"image\/png\" \/>\n<meta name=\"author\" content=\"admin\" \/>\n<meta name=\"twitter:card\" content=\"summary_large_image\" \/>\n<meta name=\"twitter:label1\" content=\"Escrito por\" \/>\n\t<meta name=\"twitter:data1\" content=\"admin\" \/>\n\t<meta name=\"twitter:label2\" content=\"Tiempo de lectura\" \/>\n\t<meta name=\"twitter:data2\" content=\"4 minutos\" \/>\n<script type=\"application\/ld+json\" class=\"yoast-schema-graph\">{\"@context\":\"https:\/\/schema.org\",\"@graph\":[{\"@type\":\"Article\",\"@id\":\"https:\/\/www.imagopsicologos.com\/nuevaweb\/padres-e-hijos-cuando-el-problema-es-como-nos-relacionamos\/#article\",\"isPartOf\":{\"@id\":\"https:\/\/www.imagopsicologos.com\/nuevaweb\/padres-e-hijos-cuando-el-problema-es-como-nos-relacionamos\/\"},\"author\":{\"name\":\"admin\",\"@id\":\"https:\/\/www.imagopsicologos.com\/nuevaweb\/#\/schema\/person\/9239a95512d4c081a7328527a401e179\"},\"headline\":\"Padres e hijos: Cuando el problema es c\u00f3mo nos relacionamos\",\"datePublished\":\"2020-01-30T18:33:05+00:00\",\"dateModified\":\"2020-01-30T18:33:05+00:00\",\"mainEntityOfPage\":{\"@id\":\"https:\/\/www.imagopsicologos.com\/nuevaweb\/padres-e-hijos-cuando-el-problema-es-como-nos-relacionamos\/\"},\"wordCount\":789,\"publisher\":{\"@id\":\"https:\/\/www.imagopsicologos.com\/nuevaweb\/#organization\"},\"articleSection\":[\"Psicoterapia\"],\"inLanguage\":\"es\"},{\"@type\":\"WebPage\",\"@id\":\"https:\/\/www.imagopsicologos.com\/nuevaweb\/padres-e-hijos-cuando-el-problema-es-como-nos-relacionamos\/\",\"url\":\"https:\/\/www.imagopsicologos.com\/nuevaweb\/padres-e-hijos-cuando-el-problema-es-como-nos-relacionamos\/\",\"name\":\"Padres e hijos: Cuando el problema es c\u00f3mo nos relacionamos | Imago: Terapia en Torrelodones\",\"isPartOf\":{\"@id\":\"https:\/\/www.imagopsicologos.com\/nuevaweb\/#website\"},\"datePublished\":\"2020-01-30T18:33:05+00:00\",\"dateModified\":\"2020-01-30T18:33:05+00:00\",\"breadcrumb\":{\"@id\":\"https:\/\/www.imagopsicologos.com\/nuevaweb\/padres-e-hijos-cuando-el-problema-es-como-nos-relacionamos\/#breadcrumb\"},\"inLanguage\":\"es\",\"potentialAction\":[{\"@type\":\"ReadAction\",\"target\":[\"https:\/\/www.imagopsicologos.com\/nuevaweb\/padres-e-hijos-cuando-el-problema-es-como-nos-relacionamos\/\"]}]},{\"@type\":\"BreadcrumbList\",\"@id\":\"https:\/\/www.imagopsicologos.com\/nuevaweb\/padres-e-hijos-cuando-el-problema-es-como-nos-relacionamos\/#breadcrumb\",\"itemListElement\":[{\"@type\":\"ListItem\",\"position\":1,\"name\":\"Portada\",\"item\":\"https:\/\/www.imagopsicologos.com\/nuevaweb\/\"},{\"@type\":\"ListItem\",\"position\":2,\"name\":\"Padres e hijos: Cuando el problema es c\u00f3mo nos relacionamos\"}]},{\"@type\":\"WebSite\",\"@id\":\"https:\/\/www.imagopsicologos.com\/nuevaweb\/#website\",\"url\":\"https:\/\/www.imagopsicologos.com\/nuevaweb\/\",\"name\":\"Imago: Terapia en Torrelodones\",\"description\":\"Psicoterapia en Torrelodones en Torrelodones\",\"publisher\":{\"@id\":\"https:\/\/www.imagopsicologos.com\/nuevaweb\/#organization\"},\"alternateName\":\"Centro de psicoterapia en Torrelodones\",\"potentialAction\":[{\"@type\":\"SearchAction\",\"target\":{\"@type\":\"EntryPoint\",\"urlTemplate\":\"https:\/\/www.imagopsicologos.com\/nuevaweb\/?s={search_term_string}\"},\"query-input\":\"required name=search_term_string\"}],\"inLanguage\":\"es\"},{\"@type\":\"Organization\",\"@id\":\"https:\/\/www.imagopsicologos.com\/nuevaweb\/#organization\",\"name\":\"Imago: Terapia en Torrelodones\",\"url\":\"https:\/\/www.imagopsicologos.com\/nuevaweb\/\",\"logo\":{\"@type\":\"ImageObject\",\"inLanguage\":\"es\",\"@id\":\"https:\/\/www.imagopsicologos.com\/nuevaweb\/#\/schema\/logo\/image\/\",\"url\":\"https:\/\/www.imagopsicologos.com\/nuevaweb\/wp-content\/uploads\/2023\/06\/logo-con-telefono-copia.jpeg\",\"contentUrl\":\"https:\/\/www.imagopsicologos.com\/nuevaweb\/wp-content\/uploads\/2023\/06\/logo-con-telefono-copia.jpeg\",\"width\":480,\"height\":480,\"caption\":\"Imago: Terapia en Torrelodones\"},\"image\":{\"@id\":\"https:\/\/www.imagopsicologos.com\/nuevaweb\/#\/schema\/logo\/image\/\"},\"sameAs\":[\"https:\/\/www.facebook.com\/imagopsicologos\/\"]},{\"@type\":\"Person\",\"@id\":\"https:\/\/www.imagopsicologos.com\/nuevaweb\/#\/schema\/person\/9239a95512d4c081a7328527a401e179\",\"name\":\"admin\",\"image\":{\"@type\":\"ImageObject\",\"inLanguage\":\"es\",\"@id\":\"https:\/\/www.imagopsicologos.com\/nuevaweb\/#\/schema\/person\/image\/\",\"url\":\"https:\/\/secure.gravatar.com\/avatar\/899e4ee70cf3334f8869cd9dfa591cdd3e01232bfd02f7244f9f127390634012?s=96&d=mm&r=g\",\"contentUrl\":\"https:\/\/secure.gravatar.com\/avatar\/899e4ee70cf3334f8869cd9dfa591cdd3e01232bfd02f7244f9f127390634012?s=96&d=mm&r=g\",\"caption\":\"admin\"},\"sameAs\":[\"https:\/\/www.imagopsicologos.com\/nuevaweb\"],\"url\":\"https:\/\/www.imagopsicologos.com\/nuevaweb\/author\/admin\/\"}]}<\/script>\n<!-- \/ Yoast SEO plugin. -->","yoast_head_json":{"title":"Padres e hijos: Cuando el problema es c\u00f3mo nos relacionamos | Imago: Terapia en Torrelodones","robots":{"index":"noindex","follow":"follow","max-snippet":"max-snippet:-1","max-image-preview":"max-image-preview:large","max-video-preview":"max-video-preview:-1"},"og_locale":"es_ES","og_type":"article","og_title":"Padres e hijos: Cuando el problema es c\u00f3mo nos relacionamos | Imago: Terapia en Torrelodones","og_description":"A lo largo del siglo pasado, la autoridad de los padres\u00a0 fue cuestionada tanto por la falta como el exceso de autoridad. Antes, la cultura respaldaba esta autoridad . Hoy la jaquea. \u201cL\u00edmites! Hay que poner l\u00edmites a los hij@s!\u201d. Este reclamo, o\u00eddo por doquier, resuena en la escuela y la familia, entre padres y [&hellip;]","og_url":"https:\/\/www.imagopsicologos.com\/nuevaweb\/padres-e-hijos-cuando-el-problema-es-como-nos-relacionamos\/","og_site_name":"Imago: Terapia en Torrelodones","article_publisher":"https:\/\/www.facebook.com\/imagopsicologos\/","article_published_time":"2020-01-30T18:33:05+00:00","og_image":[{"width":910,"height":553,"url":"https:\/\/www.imagopsicologos.com\/nuevaweb\/wp-content\/uploads\/2020\/01\/Padres-e-hijos-como-relacionarnos.png","type":"image\/png"}],"author":"admin","twitter_card":"summary_large_image","twitter_misc":{"Escrito por":"admin","Tiempo de lectura":"4 minutos"},"schema":{"@context":"https:\/\/schema.org","@graph":[{"@type":"Article","@id":"https:\/\/www.imagopsicologos.com\/nuevaweb\/padres-e-hijos-cuando-el-problema-es-como-nos-relacionamos\/#article","isPartOf":{"@id":"https:\/\/www.imagopsicologos.com\/nuevaweb\/padres-e-hijos-cuando-el-problema-es-como-nos-relacionamos\/"},"author":{"name":"admin","@id":"https:\/\/www.imagopsicologos.com\/nuevaweb\/#\/schema\/person\/9239a95512d4c081a7328527a401e179"},"headline":"Padres e hijos: Cuando el problema es c\u00f3mo nos relacionamos","datePublished":"2020-01-30T18:33:05+00:00","dateModified":"2020-01-30T18:33:05+00:00","mainEntityOfPage":{"@id":"https:\/\/www.imagopsicologos.com\/nuevaweb\/padres-e-hijos-cuando-el-problema-es-como-nos-relacionamos\/"},"wordCount":789,"publisher":{"@id":"https:\/\/www.imagopsicologos.com\/nuevaweb\/#organization"},"articleSection":["Psicoterapia"],"inLanguage":"es"},{"@type":"WebPage","@id":"https:\/\/www.imagopsicologos.com\/nuevaweb\/padres-e-hijos-cuando-el-problema-es-como-nos-relacionamos\/","url":"https:\/\/www.imagopsicologos.com\/nuevaweb\/padres-e-hijos-cuando-el-problema-es-como-nos-relacionamos\/","name":"Padres e hijos: Cuando el problema es c\u00f3mo nos relacionamos | Imago: Terapia en Torrelodones","isPartOf":{"@id":"https:\/\/www.imagopsicologos.com\/nuevaweb\/#website"},"datePublished":"2020-01-30T18:33:05+00:00","dateModified":"2020-01-30T18:33:05+00:00","breadcrumb":{"@id":"https:\/\/www.imagopsicologos.com\/nuevaweb\/padres-e-hijos-cuando-el-problema-es-como-nos-relacionamos\/#breadcrumb"},"inLanguage":"es","potentialAction":[{"@type":"ReadAction","target":["https:\/\/www.imagopsicologos.com\/nuevaweb\/padres-e-hijos-cuando-el-problema-es-como-nos-relacionamos\/"]}]},{"@type":"BreadcrumbList","@id":"https:\/\/www.imagopsicologos.com\/nuevaweb\/padres-e-hijos-cuando-el-problema-es-como-nos-relacionamos\/#breadcrumb","itemListElement":[{"@type":"ListItem","position":1,"name":"Portada","item":"https:\/\/www.imagopsicologos.com\/nuevaweb\/"},{"@type":"ListItem","position":2,"name":"Padres e hijos: Cuando el problema es c\u00f3mo nos relacionamos"}]},{"@type":"WebSite","@id":"https:\/\/www.imagopsicologos.com\/nuevaweb\/#website","url":"https:\/\/www.imagopsicologos.com\/nuevaweb\/","name":"Imago: Terapia en Torrelodones","description":"Psicoterapia en Torrelodones en Torrelodones","publisher":{"@id":"https:\/\/www.imagopsicologos.com\/nuevaweb\/#organization"},"alternateName":"Centro de psicoterapia en Torrelodones","potentialAction":[{"@type":"SearchAction","target":{"@type":"EntryPoint","urlTemplate":"https:\/\/www.imagopsicologos.com\/nuevaweb\/?s={search_term_string}"},"query-input":"required name=search_term_string"}],"inLanguage":"es"},{"@type":"Organization","@id":"https:\/\/www.imagopsicologos.com\/nuevaweb\/#organization","name":"Imago: Terapia en Torrelodones","url":"https:\/\/www.imagopsicologos.com\/nuevaweb\/","logo":{"@type":"ImageObject","inLanguage":"es","@id":"https:\/\/www.imagopsicologos.com\/nuevaweb\/#\/schema\/logo\/image\/","url":"https:\/\/www.imagopsicologos.com\/nuevaweb\/wp-content\/uploads\/2023\/06\/logo-con-telefono-copia.jpeg","contentUrl":"https:\/\/www.imagopsicologos.com\/nuevaweb\/wp-content\/uploads\/2023\/06\/logo-con-telefono-copia.jpeg","width":480,"height":480,"caption":"Imago: Terapia en Torrelodones"},"image":{"@id":"https:\/\/www.imagopsicologos.com\/nuevaweb\/#\/schema\/logo\/image\/"},"sameAs":["https:\/\/www.facebook.com\/imagopsicologos\/"]},{"@type":"Person","@id":"https:\/\/www.imagopsicologos.com\/nuevaweb\/#\/schema\/person\/9239a95512d4c081a7328527a401e179","name":"admin","image":{"@type":"ImageObject","inLanguage":"es","@id":"https:\/\/www.imagopsicologos.com\/nuevaweb\/#\/schema\/person\/image\/","url":"https:\/\/secure.gravatar.com\/avatar\/899e4ee70cf3334f8869cd9dfa591cdd3e01232bfd02f7244f9f127390634012?s=96&d=mm&r=g","contentUrl":"https:\/\/secure.gravatar.com\/avatar\/899e4ee70cf3334f8869cd9dfa591cdd3e01232bfd02f7244f9f127390634012?s=96&d=mm&r=g","caption":"admin"},"sameAs":["https:\/\/www.imagopsicologos.com\/nuevaweb"],"url":"https:\/\/www.imagopsicologos.com\/nuevaweb\/author\/admin\/"}]}},"_links":{"self":[{"href":"https:\/\/www.imagopsicologos.com\/nuevaweb\/wp-json\/wp\/v2\/posts\/6819","targetHints":{"allow":["GET"]}}],"collection":[{"href":"https:\/\/www.imagopsicologos.com\/nuevaweb\/wp-json\/wp\/v2\/posts"}],"about":[{"href":"https:\/\/www.imagopsicologos.com\/nuevaweb\/wp-json\/wp\/v2\/types\/post"}],"author":[{"embeddable":true,"href":"https:\/\/www.imagopsicologos.com\/nuevaweb\/wp-json\/wp\/v2\/users\/1"}],"replies":[{"embeddable":true,"href":"https:\/\/www.imagopsicologos.com\/nuevaweb\/wp-json\/wp\/v2\/comments?post=6819"}],"version-history":[{"count":0,"href":"https:\/\/www.imagopsicologos.com\/nuevaweb\/wp-json\/wp\/v2\/posts\/6819\/revisions"}],"wp:featuredmedia":[{"embeddable":true,"href":"https:\/\/www.imagopsicologos.com\/nuevaweb\/wp-json\/wp\/v2\/media\/6820"}],"wp:attachment":[{"href":"https:\/\/www.imagopsicologos.com\/nuevaweb\/wp-json\/wp\/v2\/media?parent=6819"}],"wp:term":[{"taxonomy":"category","embeddable":true,"href":"https:\/\/www.imagopsicologos.com\/nuevaweb\/wp-json\/wp\/v2\/categories?post=6819"},{"taxonomy":"post_tag","embeddable":true,"href":"https:\/\/www.imagopsicologos.com\/nuevaweb\/wp-json\/wp\/v2\/tags?post=6819"}],"curies":[{"name":"wp","href":"https:\/\/api.w.org\/{rel}","templated":true}]}}