{"id":6815,"date":"2020-06-11T18:15:45","date_gmt":"2020-06-11T18:15:45","guid":{"rendered":"https:\/\/www.imagopsicologos.com\/nuevaweb\/?p=6659"},"modified":"2020-06-11T18:15:45","modified_gmt":"2020-06-11T18:15:45","slug":"la-pareja-en-el-confinamiento","status":"publish","type":"post","link":"https:\/\/www.imagopsicologos.com\/nuevaweb\/la-pareja-en-el-confinamiento\/","title":{"rendered":"La pareja en el confinamiento"},"content":{"rendered":"<p><em>(Adaptado del New York Times 16\/03\/2020)<\/em><\/p>\n<p><strong>\u00bfC\u00f3mo puede estar repercutiendo el confinamiento en la vida de las parejas?<\/strong><\/p>\n<p><strong>\u00bfSaldremos igual que antes de esta experiencia?<\/strong><\/p>\n<p><strong>\u00bfSe terminar\u00e1 de quebrar lo que ya estaba agrietado?<\/strong><\/p>\n<p>\u00abLa semana pasada leyendo un hilo de Twitter, \u00a0tuve el impulso de mostr\u00e1rselo \u00a0a mi marido que le\u00eda tranquilamente en el sal\u00f3n as\u00ed que\u00a0 baj\u00e9 las escaleras con la tablet en la mano y con ganas de charlar con \u00e9l. A mi modo de \u00a0ver el tuit dec\u00eda cosas muy interesantes sobre la situaci\u00f3n de emergencia que estamos viviendo y me apeteci\u00f3 \u00a0compartirlas.<\/p>\n<p>El \u00a0le \u00a0ech\u00f3 un vistazo r\u00e1pido y me mir\u00f3 entre sorprendido e indiferente devolvi\u00e9ndome \u00a0la tablet :<\/p>\n<p>&#8211; \u00a0. \u00ab\u00bfPor qu\u00e9 me lo muestras?\u00bb \u200b\u200b- Pregunt\u00f3 &#8211; \u00a0\u00abno dice nada nuevo&#8230;\u00bb y sigui\u00f3 con su lectura.<\/p>\n<p>De pronto me vi sorprendida y sintiendo que nos separaba un abismo. \u00bfQu\u00e9 nos estaba ocurriendo que luego de d\u00edas y d\u00edas compartiendo las 24 horas se hab\u00eda convertido en un extra\u00f1o?<\/p>\n<p>Nuestra vida, como la de la mayor\u00eda de parejas hoy, pas\u00f3 de \u00a0una rutina en la que nos ve\u00edamos unas pocas horas al d\u00eda, \u00a0a estar juntos ma\u00f1ana, tarde y noche.<\/p>\n<p>Su respuesta lejana e indiferente fue un golpe, no s\u00f3lo por comprobar lo lejos que est\u00e1bamos, \u00a0tambi\u00e9n porque acababa de darme cuenta que empezaba a \u00a0cansarme de \u00e9l. \u00bb<\/p>\n<p>El encierro forzoso que estamos viviendo puede llegar a ser una \u00abprueba de esfuerzo\u00bb (stress test)\u00a0 parecida a la que se someten los bancos para comprobar su resistencia a situaciones adversas.\u00a0 Las situaciones cr\u00edticas -y este confinamiento lo es- \u00a0es una prueba de esfuerzo definitiva para una pareja.<\/p>\n<p>Existe cierta literatura sobre este tema.\u00a0 En 2002, por ejemplo, The Journal of Family Psychology public\u00f3 un documento en que analiz\u00f3 qu\u00e9 ocurr\u00eda con las parejas que hab\u00edan vivido\u00a0 en zonas con desastres naturales importantes (huracanes, inundaciones, incendios etc) \u00a0en comparaci\u00f3n con las que viv\u00edan en zonas tranquilas donde no hab\u00eda ocurrido algo as\u00ed.<\/p>\n<p>\u00bfLos resultados? \u00a0Al a\u00f1o siguiente de los incidentes, se divorciaron muchas m\u00e1s parejas en las zonas de desastre que en las otras. Pero no s\u00f3lo.\u00a0 Tambi\u00e9n aumentaron significativamente el n\u00famero de matrimonios y de nacimientos. Los desastres naturales y en general las situaciones l\u00edmite nos movilizan emocionalmente. \u00a0Se difuminan las certezas cotidianas, esos puntos de referencia indispensables para vivir.\u00a0 Algo tan elemental como ir despreocupadamente en el metro o comprar en el supermercado pasan a ser amenazas que nos muestran nuestra fragilidad, nuestros l\u00edmites\u00a0 y se multiplican las se\u00f1ales de alarma en forma de angustia. \u00bf c\u00f3mo no va a impactar este terremoto en nuestros v\u00ednculos emocionales m\u00e1s cercanos?<\/p>\n<p>Lo que ahora estamos viviendo en esta pandemia es una emergencia de magnitud mucho mayor que cualquier desastre natural, \u00a0primero porque no se circunscribe a una zona, a una provincia o un pa\u00eds, \u00a0como suelen ser las cat\u00e1strofes naturales: la amenaza es en todo el planeta. Esto lo hace m\u00e1s amenazante a\u00fan porque no hay escapatoria. Nos obliga a lidiar con las tensiones habituales de un desastre, que en este caso adem\u00e1s,\u00a0 influir\u00e1n en nuestro trabajo, en nuestra econom\u00eda\u00a0 y en nuestra vida cotidiana y ello con una sensaci\u00f3n de temor e incertidumbre y ante unos hechos desconocidos ante los cuales a\u00fan no tenemos recursos emocionales para enfrentar.<\/p>\n<p>Este es el mar de fondo en el que transcurre esta convivencia forzosa en la que la caja de los truenos de la vida de muchas parejas se ha abierto mostrando de sopet\u00f3n, casi brutalmente, que aquel o aquella con quien vivimos puede ser un autentico extra\u00f1o, alguien\u00a0 que, por supuesto, \u00a0no tiene nada que ver con los mitos de la media naranja ni el \u00abotro yo\u00bb, mitos\u00a0 que ya intu\u00edamos absurdos que pero que no imaginamos vivir en primera persona: ni complementariedad, ni concordia ni armon\u00eda.<\/p>\n<p>Tanta cercan\u00eda durante este confinamiento \u00a0ha puesto en evidencia \u00a0la magnitud de la distancia. Uno disfruta con el encierro y la otra a\u00f1ora desesperadamente salir. Una est\u00e1 atenta a las noticias del telediario y otro prefiere atiborrarse con los deportes, uno intenta conectarse con el tele trabajo y otra pasa ol\u00edmpicamente de respetar horarios y acuerdos para facilitarlo. \u00a0Las inevitables divergencias se han acentuado.<\/p>\n<p>No son banalidades, porque no estamos hablando de planes fuera de casa ni de programas de televisi\u00f3n ni de horarios de trabajo, sino de expresiones de desencuentros, \u00a0de miedos y \u00a0de sentimientos de distancia y\u00a0 ajenidad.<\/p>\n<p>Gota a gota ha ido haci\u00e9ndose evidente el desencuentro, \u00a0como el que describe \u00a0nuestra protagonista del inicio : de pronto call\u00f3 en cuenta que ambos circulaban por carriles paralelos que iban camino a ser divergentes. No se tocaban, \u00a0no ten\u00eda nada que ver con su marido y m\u00e1s a\u00fan,\u00a0 estaba empezando a cansarse de \u00e9l.<\/p>\n<p>La cuarentena no ha \u00abcausado\u00bb esta situaci\u00f3n, tan s\u00f3lo la ha colocado en primer plano. Los sentimientos que ahora se muestran tan claramente son aquellos que ya no se pueden atenuar. Lo que tiempo atr\u00e1s pod\u00eda distraerse, diluirse o camuflarse\u00a0 ahora se ha instalado claramente.<\/p>\n<p>\u00bfVolver\u00e1n a ser las cosas como antes? es la pregunta que hacen muchas parejas cuando buscan ayuda. Es dif\u00edcil imaginar que un remez\u00f3n fuerte no tenga efectos en la vida de una pareja. Tarde o temprano de una u otra forma mostrar\u00e1 su rostro, aunque la necesidad de tapar lo doloroso, el \u00abhorror al saber;\u00bb estar\u00e1n all\u00ed\u00a0 intentando sortearlo, \u00a0pero desde luego no har\u00e1n que desaparezcan.<\/p>\n<p>S\u00f3lo una reflexi\u00f3n para terminar:<\/p>\n<p>\u00abNunca desperdicies una buena crisis\u00bb es un antiguo dicho,\u00a0 tal vez estos momentos dif\u00edciles permitan construir otros panoramas.<\/p>\n","protected":false},"excerpt":{"rendered":"<p>(Adaptado del New York Times 16\/03\/2020) \u00bfC\u00f3mo puede estar repercutiendo el confinamiento en la vida de las parejas? \u00bfSaldremos igual que antes de esta experiencia? \u00bfSe terminar\u00e1 de quebrar lo que ya estaba agrietado? \u00abLa semana pasada leyendo un hilo de Twitter, \u00a0tuve el impulso de mostr\u00e1rselo \u00a0a mi marido que le\u00eda tranquilamente en el [&hellip;]<\/p>\n","protected":false},"author":1,"featured_media":6816,"comment_status":"closed","ping_status":"open","sticky":false,"template":"","format":"standard","meta":{"_et_pb_use_builder":"","_et_pb_old_content":"","_et_gb_content_width":"","footnotes":""},"categories":[6,11],"tags":[],"class_list":["post-6815","post","type-post","status-publish","format-standard","has-post-thumbnail","hentry","category-psicoterapia-de-pareja","category-sin-categoria"],"yoast_head":"<!-- This site is optimized with the Yoast SEO plugin v20.9 - https:\/\/yoast.com\/wordpress\/plugins\/seo\/ -->\n<title>La pareja en el confinamiento | Imago: Terapia en Torrelodones<\/title>\n<meta name=\"robots\" content=\"noindex, follow, max-snippet:-1, max-image-preview:large, max-video-preview:-1\" \/>\n<meta property=\"og:locale\" content=\"es_ES\" \/>\n<meta property=\"og:type\" content=\"article\" \/>\n<meta property=\"og:title\" content=\"La pareja en el confinamiento | Imago: Terapia en Torrelodones\" \/>\n<meta property=\"og:description\" content=\"(Adaptado del New York Times 16\/03\/2020) \u00bfC\u00f3mo puede estar repercutiendo el confinamiento en la vida de las parejas? \u00bfSaldremos igual que antes de esta experiencia? \u00bfSe terminar\u00e1 de quebrar lo que ya estaba agrietado? \u00abLa semana pasada leyendo un hilo de Twitter, \u00a0tuve el impulso de mostr\u00e1rselo \u00a0a mi marido que le\u00eda tranquilamente en el [&hellip;]\" \/>\n<meta property=\"og:url\" content=\"https:\/\/www.imagopsicologos.com\/nuevaweb\/la-pareja-en-el-confinamiento\/\" \/>\n<meta property=\"og:site_name\" content=\"Imago: Terapia en Torrelodones\" \/>\n<meta property=\"article:publisher\" content=\"https:\/\/www.facebook.com\/imagopsicologos\/\" \/>\n<meta property=\"article:published_time\" content=\"2020-06-11T18:15:45+00:00\" \/>\n<meta property=\"og:image\" content=\"https:\/\/www.imagopsicologos.com\/nuevaweb\/wp-content\/uploads\/2020\/06\/La-pareja-en-el-confinamiento.jpg\" \/>\n\t<meta property=\"og:image:width\" content=\"425\" \/>\n\t<meta property=\"og:image:height\" content=\"268\" \/>\n\t<meta property=\"og:image:type\" content=\"image\/jpeg\" \/>\n<meta name=\"author\" content=\"admin\" \/>\n<meta name=\"twitter:card\" content=\"summary_large_image\" \/>\n<meta name=\"twitter:label1\" content=\"Escrito por\" \/>\n\t<meta name=\"twitter:data1\" content=\"admin\" \/>\n\t<meta name=\"twitter:label2\" content=\"Tiempo de lectura\" \/>\n\t<meta name=\"twitter:data2\" content=\"5 minutos\" \/>\n<script type=\"application\/ld+json\" class=\"yoast-schema-graph\">{\"@context\":\"https:\/\/schema.org\",\"@graph\":[{\"@type\":\"Article\",\"@id\":\"https:\/\/www.imagopsicologos.com\/nuevaweb\/la-pareja-en-el-confinamiento\/#article\",\"isPartOf\":{\"@id\":\"https:\/\/www.imagopsicologos.com\/nuevaweb\/la-pareja-en-el-confinamiento\/\"},\"author\":{\"name\":\"admin\",\"@id\":\"https:\/\/www.imagopsicologos.com\/nuevaweb\/#\/schema\/person\/9239a95512d4c081a7328527a401e179\"},\"headline\":\"La pareja en el confinamiento\",\"datePublished\":\"2020-06-11T18:15:45+00:00\",\"dateModified\":\"2020-06-11T18:15:45+00:00\",\"mainEntityOfPage\":{\"@id\":\"https:\/\/www.imagopsicologos.com\/nuevaweb\/la-pareja-en-el-confinamiento\/\"},\"wordCount\":986,\"publisher\":{\"@id\":\"https:\/\/www.imagopsicologos.com\/nuevaweb\/#organization\"},\"articleSection\":[\"Psicoterapia de pareja\"],\"inLanguage\":\"es\"},{\"@type\":\"WebPage\",\"@id\":\"https:\/\/www.imagopsicologos.com\/nuevaweb\/la-pareja-en-el-confinamiento\/\",\"url\":\"https:\/\/www.imagopsicologos.com\/nuevaweb\/la-pareja-en-el-confinamiento\/\",\"name\":\"La pareja en el confinamiento | Imago: Terapia en Torrelodones\",\"isPartOf\":{\"@id\":\"https:\/\/www.imagopsicologos.com\/nuevaweb\/#website\"},\"datePublished\":\"2020-06-11T18:15:45+00:00\",\"dateModified\":\"2020-06-11T18:15:45+00:00\",\"breadcrumb\":{\"@id\":\"https:\/\/www.imagopsicologos.com\/nuevaweb\/la-pareja-en-el-confinamiento\/#breadcrumb\"},\"inLanguage\":\"es\",\"potentialAction\":[{\"@type\":\"ReadAction\",\"target\":[\"https:\/\/www.imagopsicologos.com\/nuevaweb\/la-pareja-en-el-confinamiento\/\"]}]},{\"@type\":\"BreadcrumbList\",\"@id\":\"https:\/\/www.imagopsicologos.com\/nuevaweb\/la-pareja-en-el-confinamiento\/#breadcrumb\",\"itemListElement\":[{\"@type\":\"ListItem\",\"position\":1,\"name\":\"Portada\",\"item\":\"https:\/\/www.imagopsicologos.com\/nuevaweb\/\"},{\"@type\":\"ListItem\",\"position\":2,\"name\":\"La pareja en el confinamiento\"}]},{\"@type\":\"WebSite\",\"@id\":\"https:\/\/www.imagopsicologos.com\/nuevaweb\/#website\",\"url\":\"https:\/\/www.imagopsicologos.com\/nuevaweb\/\",\"name\":\"Imago: Terapia en Torrelodones\",\"description\":\"Psicoterapia en Torrelodones en Torrelodones\",\"publisher\":{\"@id\":\"https:\/\/www.imagopsicologos.com\/nuevaweb\/#organization\"},\"alternateName\":\"Centro de psicoterapia en Torrelodones\",\"potentialAction\":[{\"@type\":\"SearchAction\",\"target\":{\"@type\":\"EntryPoint\",\"urlTemplate\":\"https:\/\/www.imagopsicologos.com\/nuevaweb\/?s={search_term_string}\"},\"query-input\":\"required name=search_term_string\"}],\"inLanguage\":\"es\"},{\"@type\":\"Organization\",\"@id\":\"https:\/\/www.imagopsicologos.com\/nuevaweb\/#organization\",\"name\":\"Imago: Terapia en Torrelodones\",\"url\":\"https:\/\/www.imagopsicologos.com\/nuevaweb\/\",\"logo\":{\"@type\":\"ImageObject\",\"inLanguage\":\"es\",\"@id\":\"https:\/\/www.imagopsicologos.com\/nuevaweb\/#\/schema\/logo\/image\/\",\"url\":\"https:\/\/www.imagopsicologos.com\/nuevaweb\/wp-content\/uploads\/2023\/06\/logo-con-telefono-copia.jpeg\",\"contentUrl\":\"https:\/\/www.imagopsicologos.com\/nuevaweb\/wp-content\/uploads\/2023\/06\/logo-con-telefono-copia.jpeg\",\"width\":480,\"height\":480,\"caption\":\"Imago: Terapia en Torrelodones\"},\"image\":{\"@id\":\"https:\/\/www.imagopsicologos.com\/nuevaweb\/#\/schema\/logo\/image\/\"},\"sameAs\":[\"https:\/\/www.facebook.com\/imagopsicologos\/\"]},{\"@type\":\"Person\",\"@id\":\"https:\/\/www.imagopsicologos.com\/nuevaweb\/#\/schema\/person\/9239a95512d4c081a7328527a401e179\",\"name\":\"admin\",\"image\":{\"@type\":\"ImageObject\",\"inLanguage\":\"es\",\"@id\":\"https:\/\/www.imagopsicologos.com\/nuevaweb\/#\/schema\/person\/image\/\",\"url\":\"https:\/\/secure.gravatar.com\/avatar\/899e4ee70cf3334f8869cd9dfa591cdd3e01232bfd02f7244f9f127390634012?s=96&d=mm&r=g\",\"contentUrl\":\"https:\/\/secure.gravatar.com\/avatar\/899e4ee70cf3334f8869cd9dfa591cdd3e01232bfd02f7244f9f127390634012?s=96&d=mm&r=g\",\"caption\":\"admin\"},\"sameAs\":[\"https:\/\/www.imagopsicologos.com\/nuevaweb\"],\"url\":\"https:\/\/www.imagopsicologos.com\/nuevaweb\/author\/admin\/\"}]}<\/script>\n<!-- \/ Yoast SEO plugin. -->","yoast_head_json":{"title":"La pareja en el confinamiento | Imago: Terapia en Torrelodones","robots":{"index":"noindex","follow":"follow","max-snippet":"max-snippet:-1","max-image-preview":"max-image-preview:large","max-video-preview":"max-video-preview:-1"},"og_locale":"es_ES","og_type":"article","og_title":"La pareja en el confinamiento | Imago: Terapia en Torrelodones","og_description":"(Adaptado del New York Times 16\/03\/2020) \u00bfC\u00f3mo puede estar repercutiendo el confinamiento en la vida de las parejas? \u00bfSaldremos igual que antes de esta experiencia? \u00bfSe terminar\u00e1 de quebrar lo que ya estaba agrietado? \u00abLa semana pasada leyendo un hilo de Twitter, \u00a0tuve el impulso de mostr\u00e1rselo \u00a0a mi marido que le\u00eda tranquilamente en el [&hellip;]","og_url":"https:\/\/www.imagopsicologos.com\/nuevaweb\/la-pareja-en-el-confinamiento\/","og_site_name":"Imago: Terapia en Torrelodones","article_publisher":"https:\/\/www.facebook.com\/imagopsicologos\/","article_published_time":"2020-06-11T18:15:45+00:00","og_image":[{"width":425,"height":268,"url":"https:\/\/www.imagopsicologos.com\/nuevaweb\/wp-content\/uploads\/2020\/06\/La-pareja-en-el-confinamiento.jpg","type":"image\/jpeg"}],"author":"admin","twitter_card":"summary_large_image","twitter_misc":{"Escrito por":"admin","Tiempo de lectura":"5 minutos"},"schema":{"@context":"https:\/\/schema.org","@graph":[{"@type":"Article","@id":"https:\/\/www.imagopsicologos.com\/nuevaweb\/la-pareja-en-el-confinamiento\/#article","isPartOf":{"@id":"https:\/\/www.imagopsicologos.com\/nuevaweb\/la-pareja-en-el-confinamiento\/"},"author":{"name":"admin","@id":"https:\/\/www.imagopsicologos.com\/nuevaweb\/#\/schema\/person\/9239a95512d4c081a7328527a401e179"},"headline":"La pareja en el confinamiento","datePublished":"2020-06-11T18:15:45+00:00","dateModified":"2020-06-11T18:15:45+00:00","mainEntityOfPage":{"@id":"https:\/\/www.imagopsicologos.com\/nuevaweb\/la-pareja-en-el-confinamiento\/"},"wordCount":986,"publisher":{"@id":"https:\/\/www.imagopsicologos.com\/nuevaweb\/#organization"},"articleSection":["Psicoterapia de pareja"],"inLanguage":"es"},{"@type":"WebPage","@id":"https:\/\/www.imagopsicologos.com\/nuevaweb\/la-pareja-en-el-confinamiento\/","url":"https:\/\/www.imagopsicologos.com\/nuevaweb\/la-pareja-en-el-confinamiento\/","name":"La pareja en el confinamiento | Imago: Terapia en Torrelodones","isPartOf":{"@id":"https:\/\/www.imagopsicologos.com\/nuevaweb\/#website"},"datePublished":"2020-06-11T18:15:45+00:00","dateModified":"2020-06-11T18:15:45+00:00","breadcrumb":{"@id":"https:\/\/www.imagopsicologos.com\/nuevaweb\/la-pareja-en-el-confinamiento\/#breadcrumb"},"inLanguage":"es","potentialAction":[{"@type":"ReadAction","target":["https:\/\/www.imagopsicologos.com\/nuevaweb\/la-pareja-en-el-confinamiento\/"]}]},{"@type":"BreadcrumbList","@id":"https:\/\/www.imagopsicologos.com\/nuevaweb\/la-pareja-en-el-confinamiento\/#breadcrumb","itemListElement":[{"@type":"ListItem","position":1,"name":"Portada","item":"https:\/\/www.imagopsicologos.com\/nuevaweb\/"},{"@type":"ListItem","position":2,"name":"La pareja en el confinamiento"}]},{"@type":"WebSite","@id":"https:\/\/www.imagopsicologos.com\/nuevaweb\/#website","url":"https:\/\/www.imagopsicologos.com\/nuevaweb\/","name":"Imago: Terapia en Torrelodones","description":"Psicoterapia en Torrelodones en Torrelodones","publisher":{"@id":"https:\/\/www.imagopsicologos.com\/nuevaweb\/#organization"},"alternateName":"Centro de psicoterapia en Torrelodones","potentialAction":[{"@type":"SearchAction","target":{"@type":"EntryPoint","urlTemplate":"https:\/\/www.imagopsicologos.com\/nuevaweb\/?s={search_term_string}"},"query-input":"required name=search_term_string"}],"inLanguage":"es"},{"@type":"Organization","@id":"https:\/\/www.imagopsicologos.com\/nuevaweb\/#organization","name":"Imago: Terapia en Torrelodones","url":"https:\/\/www.imagopsicologos.com\/nuevaweb\/","logo":{"@type":"ImageObject","inLanguage":"es","@id":"https:\/\/www.imagopsicologos.com\/nuevaweb\/#\/schema\/logo\/image\/","url":"https:\/\/www.imagopsicologos.com\/nuevaweb\/wp-content\/uploads\/2023\/06\/logo-con-telefono-copia.jpeg","contentUrl":"https:\/\/www.imagopsicologos.com\/nuevaweb\/wp-content\/uploads\/2023\/06\/logo-con-telefono-copia.jpeg","width":480,"height":480,"caption":"Imago: Terapia en Torrelodones"},"image":{"@id":"https:\/\/www.imagopsicologos.com\/nuevaweb\/#\/schema\/logo\/image\/"},"sameAs":["https:\/\/www.facebook.com\/imagopsicologos\/"]},{"@type":"Person","@id":"https:\/\/www.imagopsicologos.com\/nuevaweb\/#\/schema\/person\/9239a95512d4c081a7328527a401e179","name":"admin","image":{"@type":"ImageObject","inLanguage":"es","@id":"https:\/\/www.imagopsicologos.com\/nuevaweb\/#\/schema\/person\/image\/","url":"https:\/\/secure.gravatar.com\/avatar\/899e4ee70cf3334f8869cd9dfa591cdd3e01232bfd02f7244f9f127390634012?s=96&d=mm&r=g","contentUrl":"https:\/\/secure.gravatar.com\/avatar\/899e4ee70cf3334f8869cd9dfa591cdd3e01232bfd02f7244f9f127390634012?s=96&d=mm&r=g","caption":"admin"},"sameAs":["https:\/\/www.imagopsicologos.com\/nuevaweb"],"url":"https:\/\/www.imagopsicologos.com\/nuevaweb\/author\/admin\/"}]}},"_links":{"self":[{"href":"https:\/\/www.imagopsicologos.com\/nuevaweb\/wp-json\/wp\/v2\/posts\/6815","targetHints":{"allow":["GET"]}}],"collection":[{"href":"https:\/\/www.imagopsicologos.com\/nuevaweb\/wp-json\/wp\/v2\/posts"}],"about":[{"href":"https:\/\/www.imagopsicologos.com\/nuevaweb\/wp-json\/wp\/v2\/types\/post"}],"author":[{"embeddable":true,"href":"https:\/\/www.imagopsicologos.com\/nuevaweb\/wp-json\/wp\/v2\/users\/1"}],"replies":[{"embeddable":true,"href":"https:\/\/www.imagopsicologos.com\/nuevaweb\/wp-json\/wp\/v2\/comments?post=6815"}],"version-history":[{"count":0,"href":"https:\/\/www.imagopsicologos.com\/nuevaweb\/wp-json\/wp\/v2\/posts\/6815\/revisions"}],"wp:featuredmedia":[{"embeddable":true,"href":"https:\/\/www.imagopsicologos.com\/nuevaweb\/wp-json\/wp\/v2\/media\/6816"}],"wp:attachment":[{"href":"https:\/\/www.imagopsicologos.com\/nuevaweb\/wp-json\/wp\/v2\/media?parent=6815"}],"wp:term":[{"taxonomy":"category","embeddable":true,"href":"https:\/\/www.imagopsicologos.com\/nuevaweb\/wp-json\/wp\/v2\/categories?post=6815"},{"taxonomy":"post_tag","embeddable":true,"href":"https:\/\/www.imagopsicologos.com\/nuevaweb\/wp-json\/wp\/v2\/tags?post=6815"}],"curies":[{"name":"wp","href":"https:\/\/api.w.org\/{rel}","templated":true}]}}