{"id":6809,"date":"2020-08-26T18:39:06","date_gmt":"2020-08-26T18:39:06","guid":{"rendered":"https:\/\/www.imagopsicologos.com\/nuevaweb\/?p=6676"},"modified":"2020-08-26T18:39:06","modified_gmt":"2020-08-26T18:39:06","slug":"de-padre-a-colega-1","status":"publish","type":"post","link":"https:\/\/www.imagopsicologos.com\/nuevaweb\/de-padre-a-colega-1\/","title":{"rendered":"De padre a colega (1)"},"content":{"rendered":"<h2 style=\"text-align: center;\"><strong>\u00bfHa desaparecido el padre tradicional? <\/strong><strong>\u00bfEl que encarnaba la ley y la hac\u00eda cumplir? <\/strong><\/h2>\n<h2 style=\"text-align: center;\"><strong>\u00bfHemos pasado del padre tirano al padre colega? <\/strong><\/h2>\n<h2 style=\"text-align: center;\"><strong>\u00bfC\u00f3mo afecta este fen\u00f3meno a los\u00a0 padres y a los hijos?<\/strong><\/h2>\n<p><em>\u201c\u00a1Ya ver\u00e1s cuando llegue tu padre!\u201d<\/em>. Esta frase, pronunciada miles de veces a modo de advertencia en el pasado, hoy apenas tiene sentido. Porque el padre autoritario, aquel que pon\u00eda firmes a los hijos ante la mera pronunciaci\u00f3n de su nombre, ha desaparecido. Se ha evaporado, como predijo el psicoanalista Jacques Lacan despu\u00e9s del Mayo del 68, cuando las revueltas estudiantiles desafiaron a la autoridad vigente.<\/p>\n<hr \/>\n<p>\u00b9Este art\u00edculo, est\u00e1 basado en el texto de Eva Millet, publicado en el diario La Vanguardia del 24\/08\/20<\/p>\n<hr \/>\n<p>En el siglo XXI otro psicoanalista, el italiano Massimo Recalcati, uno de los ensayistas m\u00e1s prestigiosos de su pa\u00eds, toma el relevo de la tesis de Lacan \u201cLa autoridad simb\u00f3lica del padre ha perdido peso, se ha eclipsado, ha llegado irremediablemente a su ocaso\u201d, escribe Recalcati, que apunta que hace tiempo que se conocen sus consecuencias (y no solo entre los psicoanalistas): \u201cLas dificultades de los padres para cumplir con su propia funci\u00f3n educativa y el conflicto entre generaciones que de ello se deriva\u201d.<\/p>\n<p>Es cierto, no hace falta ser un experto para darse cuenta que la jerarqu\u00eda en las familias ha cambiado radicalmente en las \u00faltimas d\u00e9cadas. Que en gran parte de Occidente la tradicional figura del <em>pater familias<\/em>, s\u00edmbolo de la Ley, ya no existe. Para comprobarlo, solo hace falta ser testigo de alguna interacci\u00f3n en el d\u00eda a d\u00eda entre alg\u00fan padre est\u00e1ndar y su prole. Aqu\u00ed va una: en Barcelona, en los inicios del desconfinamiento, en una tienda de decoraci\u00f3n de una famosa cadena. Padre, madre y dos ni\u00f1os de entre seis y ocho a\u00f1os. La madre elige toallas mientras los ni\u00f1os est\u00e1n al cargo del padre. Podr\u00edan haber estado a cargo de una escoba: corren por la tienda, lo tocan todo, gritan\u2026 No paran, vaya. Pero el padre los mira con arrobo indisimulado y, \u00e9l tambi\u00e9n, lo toca todo, detr\u00e1s suyo. Solo de vez en cuando parece recordar su rol y, con voz poco convincente, d\u00e9bil, les dice: \u201cDejad de tocar\u201d o \u201cNo corr\u00e1is\u201d. Las dos criaturas siguen tocando y corriendo, como si hubieran o\u00eddo llover.<\/p>\n<p><strong>\u00a0\u00a0\u00a0\u00a0\u00a0\u00a0\u00a0\u00a0\u00a0\u00a0\u00a0\u00a0\u00a0\u00a0\u00a0\u00a0\u00a0\u00a0\u00a0\u00a0\u00a0\u00a0\u00a0\u00a0\u00a0\u00a0\u00a0\u00a0\u00a0\u00a0\u00a0\u00a0\u00a0\u00a0 \u00bfEchamos de menos al padre de antes? <\/strong><\/p>\n<p>En uno de sus libros <em>El secreto del hijo<\/em>, Recalcati, subraya que no echa de menos, en absoluto, la figura autoritaria del padre <em>padrone<\/em> que cuadraba a la familia, que ordenaba y mandaba y frente al cual no hab\u00eda nada que decir, tan s\u00f3lo obedecer.\u00a0 \u201cPersonalmente, no siento la menor nostalgia por el <em>pater familias<\/em>. Su tiempo est\u00e1 irremisiblemente acabado\u201d, asegura.<\/p>\n<p>Pero s\u00ed que le interesa \u201cinterrogar lo que queda del padre\u201d porque el ocaso de esta figura, sostiene, est\u00e1 afectando a las familias. El psicoanalista alerta de la proliferaci\u00f3n de la figura de padre-colega: esos padres que abdican de sus funciones \u201cpor estar demasiado pr\u00f3ximos a sus hijos, demasiado cercanos, por ser demasiado parecidos\u201d.<\/p>\n<p>Este cambio ha hecho que hoy no exista una diferencia generacional sino una \u201cconfusi\u00f3n entre generaciones\u201d. La familia ha pasado de la verticalidad a la horizontalidad: todos son iguales. Esta transformaci\u00f3n provoca que,\u00a0 en su consulta, este analista vea cada vez m\u00e1s hijos desorientados por este vac\u00edo paterno. Hijos que esperan y que necesitan, aunque no lo sepan,\u00a0 la presencia de alguien que encarne la funci\u00f3n de padre:\u00a0 alguien cuya opini\u00f3n nos merezca atenci\u00f3n, alguien cuya \u00a0experiencia\u00a0 sugiera cosas de inter\u00e9s, alguien finalmente,\u00a0 cuyo lugar implique\u00a0 una cierta gu\u00eda y un poco de orden. Tambi\u00e9n detecta, como fruto de esta horizontalidad, m\u00e1s hijos narcisistas que se comportan como reyes y tratan a los padres como tratar\u00edan a sus amigos cuando no,\u00a0 como a aut\u00e9nticos servidores.<\/p>\n<p>Los padres-colegas ejercen hasta de confidentes: \u201cLos hijos lo saben todo acerca de sus padres, incluso lo que ser\u00eda mejor que no supieran\u201d. Los adultos, insiste Recalcati, est\u00e1n rehuyendo la misi\u00f3n educativa que la diferencia generacional les impone. \u201cCada vez es m\u00e1s raro que nuestros hijos puedan hallar en los adultos encarnaciones cre\u00edbles de lo que significa ser responsable\u201d. Un buen ejemplo, dice, lo encontramos en la pol\u00edtica, que se ha transformado \u201cen una fren\u00e9tica fiesta de adolescentes\u201d.<\/p>\n<p>La sobreprotecci\u00f3n, la obsesi\u00f3n de la crianza hipermoderna, de facilitarles todo lo posible \u00a0el camino a los hijos, es otra causa de este desconcierto: Los padres-colega no saben delegar, no otorgan ocasiones, no toleran que se equivoquen para luego pensar juntos en el por qu\u00e9 y el como. Es m\u00e1s f\u00e1cil, claro est\u00e1, pero mucho m\u00e1s costoso a largo plazo.<\/p>\n<p>\u00bfPor qu\u00e9 se est\u00e1 produciendo este fen\u00f3meno? \u00a0Son situaciones altamente complejas y no se limitan a la familia. Podr\u00edamos decir que no s\u00f3lo ha ca\u00eddo la autoridad del padre, es toda figura de autoridad la que est\u00e1 en cuesti\u00f3n. La vida pol\u00edtica es una muestra de ello, la idea del lider carism\u00e1tico y respetado por todos hace tiempo que dej\u00f3 de existir y como \u00e9l, la del maestro y la del m\u00e9dico que encarnaban, cada uno en su ambito, un saber autorizado al que hab\u00eda que escuchar..<\/p>\n<p>Recalcati desgrana alguna pista acerc\u00e1ndose al caso de las familias. Por un lado, la confusi\u00f3n entre autoridad y autoritarismo, que hace que cualquier intento de orden se considere un atentado contra la criatura. \u201cNuestro tiempo, enfatizando de manera unilateral los derechos del ni\u00f1o, acaba por ver con recelo cualquier actividad educativa que asuma la responsabilidad vertical de su formaci\u00f3n\u201d. El establecimiento de l\u00edmites a los hijos se confunde con atropellos o atentados a sus derechos.<\/p>\n<p>\u00bfC\u00f3mo afecta este fen\u00f3meno a los hijos? Hay mucha ansiedad: padres angustiados e hijos perdidos. \u201cFamilias en el caos\u201d que a menudo, debido a esta dificultad de los padres de hacerse respetar &#8211; porque no se sienten autorizados para ello &#8211; tienen que acudir a un tercero -un juez, un mediador un terapeuta- \u00a0para resolver los problemas. El aumento de llamamientos a la intervenci\u00f3n de un tercero es una se\u00f1al de esta profunda alteraci\u00f3n de los papeles. \u201cSe trata de una paradoja hipermoderna: los padres, cada vez con m\u00e1s dificultades para transmitir a sus hijos el sentido de la Ley de la palabra, \u00a1apelan a la Ley del juez (o cualquier otra autoridad) \u00a0para que les restituya la propiedad de los hijos!\u201d.<\/p>\n<p>Este experto simpatiza con el malestar de los hijos y reivindica el retorno urgente de un padre que asuma su rol. Pero no un padre tirano ni, tampoco, esos que presumen de ser perfectos y dirigen las vidas de su prole como managers, en un ejercicio de narcisismo parental. Para Recalcati, esos padres que se sienten due\u00f1os de sus hijos tampoco son la respuesta.<\/p>\n<p>La respuesta se orienta hacia la de un padre-referente, capaz de orientar pero de asumir tambi\u00e9n las consecuencias de sus actos. Recalcati invoca una figura responsable, que muestre a los hijos que \u201cse puede estar en este mundo con deseo y, al mismo tiempo, con responsabilidad\u201d. Padres maduros, en definitiva, capaces de \u201cdejar ir\u201d a sus hijos, para que vivan sus vidas propias, con sus \u00e9xitos y sus fracasos. Pero, sobretodo, padres que ejerzan el rol de padres, no el de colegas de sus hijos. Un papel m\u00e1s dif\u00edcil, s\u00ed, pero mucho m\u00e1s necesario. Porque nuestros hijos quiz\u00e1s tengan muchos amigos pero padre, solo uno.<\/p>\n","protected":false},"excerpt":{"rendered":"<p>\u00bfHa desaparecido el padre tradicional? \u00bfEl que encarnaba la ley y la hac\u00eda cumplir? \u00bfHemos pasado del padre tirano al padre colega? \u00bfC\u00f3mo afecta este fen\u00f3meno a los\u00a0 padres y a los hijos? \u201c\u00a1Ya ver\u00e1s cuando llegue tu padre!\u201d. Esta frase, pronunciada miles de veces a modo de advertencia en el pasado, hoy apenas tiene [&hellip;]<\/p>\n","protected":false},"author":1,"featured_media":6810,"comment_status":"closed","ping_status":"open","sticky":false,"template":"","format":"standard","meta":{"_et_pb_use_builder":"","_et_pb_old_content":"","_et_gb_content_width":"","footnotes":""},"categories":[5],"tags":[],"class_list":["post-6809","post","type-post","status-publish","format-standard","has-post-thumbnail","hentry","category-articulo"],"yoast_head":"<!-- This site is optimized with the Yoast SEO plugin v20.9 - https:\/\/yoast.com\/wordpress\/plugins\/seo\/ -->\n<title>De padre a colega (1) | Imago: Terapia en Torrelodones<\/title>\n<meta name=\"robots\" content=\"noindex, follow, max-snippet:-1, max-image-preview:large, max-video-preview:-1\" \/>\n<meta property=\"og:locale\" content=\"es_ES\" \/>\n<meta property=\"og:type\" content=\"article\" \/>\n<meta property=\"og:title\" content=\"De padre a colega (1) | Imago: Terapia en Torrelodones\" \/>\n<meta property=\"og:description\" content=\"\u00bfHa desaparecido el padre tradicional? \u00bfEl que encarnaba la ley y la hac\u00eda cumplir? \u00bfHemos pasado del padre tirano al padre colega? \u00bfC\u00f3mo afecta este fen\u00f3meno a los\u00a0 padres y a los hijos? \u201c\u00a1Ya ver\u00e1s cuando llegue tu padre!\u201d. Esta frase, pronunciada miles de veces a modo de advertencia en el pasado, hoy apenas tiene [&hellip;]\" \/>\n<meta property=\"og:url\" content=\"https:\/\/www.imagopsicologos.com\/nuevaweb\/de-padre-a-colega-1\/\" \/>\n<meta property=\"og:site_name\" content=\"Imago: Terapia en Torrelodones\" \/>\n<meta property=\"article:publisher\" content=\"https:\/\/www.facebook.com\/imagopsicologos\/\" \/>\n<meta property=\"article:published_time\" content=\"2020-08-26T18:39:06+00:00\" \/>\n<meta property=\"og:image\" content=\"https:\/\/www.imagopsicologos.com\/nuevaweb\/wp-content\/uploads\/2020\/08\/de-padre-a-colega-1.jpg\" \/>\n\t<meta property=\"og:image:width\" content=\"425\" \/>\n\t<meta property=\"og:image:height\" content=\"340\" \/>\n\t<meta property=\"og:image:type\" content=\"image\/jpeg\" \/>\n<meta name=\"author\" content=\"admin\" \/>\n<meta name=\"twitter:card\" content=\"summary_large_image\" \/>\n<meta name=\"twitter:label1\" content=\"Escrito por\" \/>\n\t<meta name=\"twitter:data1\" content=\"admin\" \/>\n\t<meta name=\"twitter:label2\" content=\"Tiempo de lectura\" \/>\n\t<meta name=\"twitter:data2\" content=\"7 minutos\" \/>\n<script type=\"application\/ld+json\" class=\"yoast-schema-graph\">{\"@context\":\"https:\/\/schema.org\",\"@graph\":[{\"@type\":\"Article\",\"@id\":\"https:\/\/www.imagopsicologos.com\/nuevaweb\/de-padre-a-colega-1\/#article\",\"isPartOf\":{\"@id\":\"https:\/\/www.imagopsicologos.com\/nuevaweb\/de-padre-a-colega-1\/\"},\"author\":{\"name\":\"admin\",\"@id\":\"https:\/\/www.imagopsicologos.com\/nuevaweb\/#\/schema\/person\/9239a95512d4c081a7328527a401e179\"},\"headline\":\"De padre a colega (1)\",\"datePublished\":\"2020-08-26T18:39:06+00:00\",\"dateModified\":\"2020-08-26T18:39:06+00:00\",\"mainEntityOfPage\":{\"@id\":\"https:\/\/www.imagopsicologos.com\/nuevaweb\/de-padre-a-colega-1\/\"},\"wordCount\":1304,\"publisher\":{\"@id\":\"https:\/\/www.imagopsicologos.com\/nuevaweb\/#organization\"},\"articleSection\":[\"art\u00edculo\"],\"inLanguage\":\"es\"},{\"@type\":\"WebPage\",\"@id\":\"https:\/\/www.imagopsicologos.com\/nuevaweb\/de-padre-a-colega-1\/\",\"url\":\"https:\/\/www.imagopsicologos.com\/nuevaweb\/de-padre-a-colega-1\/\",\"name\":\"De padre a colega (1) | Imago: Terapia en Torrelodones\",\"isPartOf\":{\"@id\":\"https:\/\/www.imagopsicologos.com\/nuevaweb\/#website\"},\"datePublished\":\"2020-08-26T18:39:06+00:00\",\"dateModified\":\"2020-08-26T18:39:06+00:00\",\"breadcrumb\":{\"@id\":\"https:\/\/www.imagopsicologos.com\/nuevaweb\/de-padre-a-colega-1\/#breadcrumb\"},\"inLanguage\":\"es\",\"potentialAction\":[{\"@type\":\"ReadAction\",\"target\":[\"https:\/\/www.imagopsicologos.com\/nuevaweb\/de-padre-a-colega-1\/\"]}]},{\"@type\":\"BreadcrumbList\",\"@id\":\"https:\/\/www.imagopsicologos.com\/nuevaweb\/de-padre-a-colega-1\/#breadcrumb\",\"itemListElement\":[{\"@type\":\"ListItem\",\"position\":1,\"name\":\"Portada\",\"item\":\"https:\/\/www.imagopsicologos.com\/nuevaweb\/\"},{\"@type\":\"ListItem\",\"position\":2,\"name\":\"De padre a colega (1)\"}]},{\"@type\":\"WebSite\",\"@id\":\"https:\/\/www.imagopsicologos.com\/nuevaweb\/#website\",\"url\":\"https:\/\/www.imagopsicologos.com\/nuevaweb\/\",\"name\":\"Imago: Terapia en Torrelodones\",\"description\":\"Psicoterapia en Torrelodones en Torrelodones\",\"publisher\":{\"@id\":\"https:\/\/www.imagopsicologos.com\/nuevaweb\/#organization\"},\"alternateName\":\"Centro de psicoterapia en Torrelodones\",\"potentialAction\":[{\"@type\":\"SearchAction\",\"target\":{\"@type\":\"EntryPoint\",\"urlTemplate\":\"https:\/\/www.imagopsicologos.com\/nuevaweb\/?s={search_term_string}\"},\"query-input\":\"required name=search_term_string\"}],\"inLanguage\":\"es\"},{\"@type\":\"Organization\",\"@id\":\"https:\/\/www.imagopsicologos.com\/nuevaweb\/#organization\",\"name\":\"Imago: Terapia en Torrelodones\",\"url\":\"https:\/\/www.imagopsicologos.com\/nuevaweb\/\",\"logo\":{\"@type\":\"ImageObject\",\"inLanguage\":\"es\",\"@id\":\"https:\/\/www.imagopsicologos.com\/nuevaweb\/#\/schema\/logo\/image\/\",\"url\":\"https:\/\/www.imagopsicologos.com\/nuevaweb\/wp-content\/uploads\/2023\/06\/logo-con-telefono-copia.jpeg\",\"contentUrl\":\"https:\/\/www.imagopsicologos.com\/nuevaweb\/wp-content\/uploads\/2023\/06\/logo-con-telefono-copia.jpeg\",\"width\":480,\"height\":480,\"caption\":\"Imago: Terapia en Torrelodones\"},\"image\":{\"@id\":\"https:\/\/www.imagopsicologos.com\/nuevaweb\/#\/schema\/logo\/image\/\"},\"sameAs\":[\"https:\/\/www.facebook.com\/imagopsicologos\/\"]},{\"@type\":\"Person\",\"@id\":\"https:\/\/www.imagopsicologos.com\/nuevaweb\/#\/schema\/person\/9239a95512d4c081a7328527a401e179\",\"name\":\"admin\",\"image\":{\"@type\":\"ImageObject\",\"inLanguage\":\"es\",\"@id\":\"https:\/\/www.imagopsicologos.com\/nuevaweb\/#\/schema\/person\/image\/\",\"url\":\"https:\/\/secure.gravatar.com\/avatar\/899e4ee70cf3334f8869cd9dfa591cdd3e01232bfd02f7244f9f127390634012?s=96&d=mm&r=g\",\"contentUrl\":\"https:\/\/secure.gravatar.com\/avatar\/899e4ee70cf3334f8869cd9dfa591cdd3e01232bfd02f7244f9f127390634012?s=96&d=mm&r=g\",\"caption\":\"admin\"},\"sameAs\":[\"https:\/\/www.imagopsicologos.com\/nuevaweb\"],\"url\":\"https:\/\/www.imagopsicologos.com\/nuevaweb\/author\/admin\/\"}]}<\/script>\n<!-- \/ Yoast SEO plugin. -->","yoast_head_json":{"title":"De padre a colega (1) | Imago: Terapia en Torrelodones","robots":{"index":"noindex","follow":"follow","max-snippet":"max-snippet:-1","max-image-preview":"max-image-preview:large","max-video-preview":"max-video-preview:-1"},"og_locale":"es_ES","og_type":"article","og_title":"De padre a colega (1) | Imago: Terapia en Torrelodones","og_description":"\u00bfHa desaparecido el padre tradicional? \u00bfEl que encarnaba la ley y la hac\u00eda cumplir? \u00bfHemos pasado del padre tirano al padre colega? \u00bfC\u00f3mo afecta este fen\u00f3meno a los\u00a0 padres y a los hijos? \u201c\u00a1Ya ver\u00e1s cuando llegue tu padre!\u201d. Esta frase, pronunciada miles de veces a modo de advertencia en el pasado, hoy apenas tiene [&hellip;]","og_url":"https:\/\/www.imagopsicologos.com\/nuevaweb\/de-padre-a-colega-1\/","og_site_name":"Imago: Terapia en Torrelodones","article_publisher":"https:\/\/www.facebook.com\/imagopsicologos\/","article_published_time":"2020-08-26T18:39:06+00:00","og_image":[{"width":425,"height":340,"url":"https:\/\/www.imagopsicologos.com\/nuevaweb\/wp-content\/uploads\/2020\/08\/de-padre-a-colega-1.jpg","type":"image\/jpeg"}],"author":"admin","twitter_card":"summary_large_image","twitter_misc":{"Escrito por":"admin","Tiempo de lectura":"7 minutos"},"schema":{"@context":"https:\/\/schema.org","@graph":[{"@type":"Article","@id":"https:\/\/www.imagopsicologos.com\/nuevaweb\/de-padre-a-colega-1\/#article","isPartOf":{"@id":"https:\/\/www.imagopsicologos.com\/nuevaweb\/de-padre-a-colega-1\/"},"author":{"name":"admin","@id":"https:\/\/www.imagopsicologos.com\/nuevaweb\/#\/schema\/person\/9239a95512d4c081a7328527a401e179"},"headline":"De padre a colega (1)","datePublished":"2020-08-26T18:39:06+00:00","dateModified":"2020-08-26T18:39:06+00:00","mainEntityOfPage":{"@id":"https:\/\/www.imagopsicologos.com\/nuevaweb\/de-padre-a-colega-1\/"},"wordCount":1304,"publisher":{"@id":"https:\/\/www.imagopsicologos.com\/nuevaweb\/#organization"},"articleSection":["art\u00edculo"],"inLanguage":"es"},{"@type":"WebPage","@id":"https:\/\/www.imagopsicologos.com\/nuevaweb\/de-padre-a-colega-1\/","url":"https:\/\/www.imagopsicologos.com\/nuevaweb\/de-padre-a-colega-1\/","name":"De padre a colega (1) | Imago: Terapia en Torrelodones","isPartOf":{"@id":"https:\/\/www.imagopsicologos.com\/nuevaweb\/#website"},"datePublished":"2020-08-26T18:39:06+00:00","dateModified":"2020-08-26T18:39:06+00:00","breadcrumb":{"@id":"https:\/\/www.imagopsicologos.com\/nuevaweb\/de-padre-a-colega-1\/#breadcrumb"},"inLanguage":"es","potentialAction":[{"@type":"ReadAction","target":["https:\/\/www.imagopsicologos.com\/nuevaweb\/de-padre-a-colega-1\/"]}]},{"@type":"BreadcrumbList","@id":"https:\/\/www.imagopsicologos.com\/nuevaweb\/de-padre-a-colega-1\/#breadcrumb","itemListElement":[{"@type":"ListItem","position":1,"name":"Portada","item":"https:\/\/www.imagopsicologos.com\/nuevaweb\/"},{"@type":"ListItem","position":2,"name":"De padre a colega (1)"}]},{"@type":"WebSite","@id":"https:\/\/www.imagopsicologos.com\/nuevaweb\/#website","url":"https:\/\/www.imagopsicologos.com\/nuevaweb\/","name":"Imago: Terapia en Torrelodones","description":"Psicoterapia en Torrelodones en Torrelodones","publisher":{"@id":"https:\/\/www.imagopsicologos.com\/nuevaweb\/#organization"},"alternateName":"Centro de psicoterapia en Torrelodones","potentialAction":[{"@type":"SearchAction","target":{"@type":"EntryPoint","urlTemplate":"https:\/\/www.imagopsicologos.com\/nuevaweb\/?s={search_term_string}"},"query-input":"required name=search_term_string"}],"inLanguage":"es"},{"@type":"Organization","@id":"https:\/\/www.imagopsicologos.com\/nuevaweb\/#organization","name":"Imago: Terapia en Torrelodones","url":"https:\/\/www.imagopsicologos.com\/nuevaweb\/","logo":{"@type":"ImageObject","inLanguage":"es","@id":"https:\/\/www.imagopsicologos.com\/nuevaweb\/#\/schema\/logo\/image\/","url":"https:\/\/www.imagopsicologos.com\/nuevaweb\/wp-content\/uploads\/2023\/06\/logo-con-telefono-copia.jpeg","contentUrl":"https:\/\/www.imagopsicologos.com\/nuevaweb\/wp-content\/uploads\/2023\/06\/logo-con-telefono-copia.jpeg","width":480,"height":480,"caption":"Imago: Terapia en Torrelodones"},"image":{"@id":"https:\/\/www.imagopsicologos.com\/nuevaweb\/#\/schema\/logo\/image\/"},"sameAs":["https:\/\/www.facebook.com\/imagopsicologos\/"]},{"@type":"Person","@id":"https:\/\/www.imagopsicologos.com\/nuevaweb\/#\/schema\/person\/9239a95512d4c081a7328527a401e179","name":"admin","image":{"@type":"ImageObject","inLanguage":"es","@id":"https:\/\/www.imagopsicologos.com\/nuevaweb\/#\/schema\/person\/image\/","url":"https:\/\/secure.gravatar.com\/avatar\/899e4ee70cf3334f8869cd9dfa591cdd3e01232bfd02f7244f9f127390634012?s=96&d=mm&r=g","contentUrl":"https:\/\/secure.gravatar.com\/avatar\/899e4ee70cf3334f8869cd9dfa591cdd3e01232bfd02f7244f9f127390634012?s=96&d=mm&r=g","caption":"admin"},"sameAs":["https:\/\/www.imagopsicologos.com\/nuevaweb"],"url":"https:\/\/www.imagopsicologos.com\/nuevaweb\/author\/admin\/"}]}},"_links":{"self":[{"href":"https:\/\/www.imagopsicologos.com\/nuevaweb\/wp-json\/wp\/v2\/posts\/6809","targetHints":{"allow":["GET"]}}],"collection":[{"href":"https:\/\/www.imagopsicologos.com\/nuevaweb\/wp-json\/wp\/v2\/posts"}],"about":[{"href":"https:\/\/www.imagopsicologos.com\/nuevaweb\/wp-json\/wp\/v2\/types\/post"}],"author":[{"embeddable":true,"href":"https:\/\/www.imagopsicologos.com\/nuevaweb\/wp-json\/wp\/v2\/users\/1"}],"replies":[{"embeddable":true,"href":"https:\/\/www.imagopsicologos.com\/nuevaweb\/wp-json\/wp\/v2\/comments?post=6809"}],"version-history":[{"count":0,"href":"https:\/\/www.imagopsicologos.com\/nuevaweb\/wp-json\/wp\/v2\/posts\/6809\/revisions"}],"wp:featuredmedia":[{"embeddable":true,"href":"https:\/\/www.imagopsicologos.com\/nuevaweb\/wp-json\/wp\/v2\/media\/6810"}],"wp:attachment":[{"href":"https:\/\/www.imagopsicologos.com\/nuevaweb\/wp-json\/wp\/v2\/media?parent=6809"}],"wp:term":[{"taxonomy":"category","embeddable":true,"href":"https:\/\/www.imagopsicologos.com\/nuevaweb\/wp-json\/wp\/v2\/categories?post=6809"},{"taxonomy":"post_tag","embeddable":true,"href":"https:\/\/www.imagopsicologos.com\/nuevaweb\/wp-json\/wp\/v2\/tags?post=6809"}],"curies":[{"name":"wp","href":"https:\/\/api.w.org\/{rel}","templated":true}]}}