{"id":6805,"date":"2020-11-30T12:04:38","date_gmt":"2020-11-30T12:04:38","guid":{"rendered":"https:\/\/www.imagopsicologos.com\/nuevaweb\/?p=6688"},"modified":"2020-11-30T12:04:38","modified_gmt":"2020-11-30T12:04:38","slug":"separaciones","status":"publish","type":"post","link":"https:\/\/www.imagopsicologos.com\/nuevaweb\/separaciones\/","title":{"rendered":"SEPARACIONES"},"content":{"rendered":"<p>Al hablar de \u00abseparaci\u00f3n\u00bb pensamos enseguida en la separaci\u00f3n de una pareja, pero no, nuestra vida est\u00e1 poblada de separaciones: de amigos, familiares, grupos, amores.<\/p>\n<p>\u00bfQu\u00e9 supone separarse?<\/p>\n<p>\u00bfQu\u00e9 empuja a hacerlo?<\/p>\n<p>\u00bfPor qu\u00e9\u00a0 es tan dif\u00edcil decidirse?<\/p>\n<p>\u00abSeparaci\u00f3n es un t\u00e9rmino pol\u00e9mico que indica al menos tres cuestiones. Por un lado <em>se-parare<\/em> es parirse a si mismo, tiene la significaci\u00f3n de aquello que nace, como la cr\u00eda que se separa de la madre para individuarse. Separaci\u00f3n conlleva tambi\u00e9n el significado de una p\u00e9rdida, de aquello que queda alejado de una persona querida o de una instituci\u00f3n o comunidad de la que forma parte. Finalmente, separaci\u00f3n tiene tambi\u00e9n un componente de romper con un v\u00ednculo asfixiante, un goce que nos tiene atrapados (droga, juego, relaci\u00f3n patol\u00f3gica) sea en el plano individual, relacional o colectivo.<\/p>\n<p>Una separaci\u00f3n, pues, no es s\u00f3lo la ocasi\u00f3n de una p\u00e9rdida sino que tambi\u00e9n puede ser una crisis vital con consecuencias positivas, ya que la rotura de ese v\u00ednculo patol\u00f3gico puede ser la oportunidad de un nuevo nacimiento, de una vida no ligada por ese goce destructivo.<\/p>\n<p>Se trata de un mecanismo ps\u00edquico fundante del sujeto, algo que est\u00e1 desde el inicio de su vida. Por eso la primera palabra que los ni\u00f1os aprenden es un NO a lo insoportable, a aquello que no nos gusta e imputamos al otro. Las rupturas de pareja reactivan este mecanismo de rechazo original: detectamos algo insoportable de la relaci\u00f3n \u2013que generalmente atribuimos al otro &#8211; y decidimos separarnos de ese otro para as\u00ed dejar lo insoportable. Eso que detectamos en el otro puede tomar formas diversas: aburrimiento, desconfianza, frialdad, sospecha, deslealtad, abuso, maltrato.<\/p>\n<p>La pregunta clave que uno deber\u00eda hacerse es <strong>\u00bfde qu\u00e9 me quiero separar?<\/strong> <strong>Y no \u00bfde qui\u00e9n me quiero separar?<\/strong> No siempre separarse de lo insoportable conlleva hacerlo de la pareja. Y sobre todo, si uno no tiene claro de qu\u00e9 se quiere separar lo m\u00e1s seguro es que lo encuentre en el pr\u00f3ximo partenaire. El ejemplo m\u00e1s claro lo encontramos en muchas mujeres maltratadas, con parejas alcoh\u00f3licas, que \u201crepiten\u201d en sus elecciones sucesivas el modelo de marido y\/o compa\u00f1ero maltratador. De hecho la matriz primera de ese modelo estaba, muchas veces, en su propia casa, encarnado en la persona del padre.<\/p>\n<p>Que haya tristeza ante una ruptura ni es patol\u00f3gico ni debe rechazarse colectivamente. Es un signo del duelo que uno tiene que hacer -si bien los tiempos subjetivos son siempre diferentes- para poder perder esa imagen ideal que cada uno tenia de \u00e9l mismo: aquello que ya no volver\u00e1 a ser, de la misma manera, con esa amiga, ese padre o ese hermano, con los que ahora ha evidenciado que no comparte algo importante.<\/p>\n<p>Eso lleva aparejado un momento depresivo y una retirada de la libido. Hasta que el sujeto no puede dar otro destino a esa libido, sea a trav\u00e9s de la sublimaci\u00f3n (trabajo, estudios) de una nueva pareja, de la dedicaci\u00f3n a un ideal, las relaciones sociales,.. la angustia y la depresi\u00f3n perduran.\u00bb<\/p>\n<p>[1] Texto adaptado de: \u00abAlgunas consecuencias psicol\u00f3gicas de la separaci\u00f3n\u00bb Jos\u00e9 R. Ubieto. La Vanguardia 05\/10\/2017<\/p>\n","protected":false},"excerpt":{"rendered":"<p>Al hablar de \u00abseparaci\u00f3n\u00bb pensamos enseguida en la separaci\u00f3n de una pareja, pero no, nuestra vida est\u00e1 poblada de separaciones: de amigos, familiares, grupos, amores. \u00bfQu\u00e9 supone separarse? \u00bfQu\u00e9 empuja a hacerlo? \u00bfPor qu\u00e9\u00a0 es tan dif\u00edcil decidirse? \u00abSeparaci\u00f3n es un t\u00e9rmino pol\u00e9mico que indica al menos tres cuestiones. Por un lado se-parare es parirse [&hellip;]<\/p>\n","protected":false},"author":1,"featured_media":6806,"comment_status":"closed","ping_status":"open","sticky":false,"template":"","format":"standard","meta":{"_et_pb_use_builder":"","_et_pb_old_content":"","_et_gb_content_width":"","footnotes":""},"categories":[4],"tags":[],"class_list":["post-6805","post","type-post","status-publish","format-standard","has-post-thumbnail","hentry","category-psicoterapia"],"yoast_head":"<!-- This site is optimized with the Yoast SEO plugin v20.9 - https:\/\/yoast.com\/wordpress\/plugins\/seo\/ -->\n<title>SEPARACIONES | Imago: Terapia en Torrelodones<\/title>\n<meta name=\"robots\" content=\"noindex, follow, max-snippet:-1, max-image-preview:large, max-video-preview:-1\" \/>\n<meta property=\"og:locale\" content=\"es_ES\" \/>\n<meta property=\"og:type\" content=\"article\" \/>\n<meta property=\"og:title\" content=\"SEPARACIONES | Imago: Terapia en Torrelodones\" \/>\n<meta property=\"og:description\" content=\"Al hablar de \u00abseparaci\u00f3n\u00bb pensamos enseguida en la separaci\u00f3n de una pareja, pero no, nuestra vida est\u00e1 poblada de separaciones: de amigos, familiares, grupos, amores. \u00bfQu\u00e9 supone separarse? \u00bfQu\u00e9 empuja a hacerlo? \u00bfPor qu\u00e9\u00a0 es tan dif\u00edcil decidirse? \u00abSeparaci\u00f3n es un t\u00e9rmino pol\u00e9mico que indica al menos tres cuestiones. Por un lado se-parare es parirse [&hellip;]\" \/>\n<meta property=\"og:url\" content=\"https:\/\/www.imagopsicologos.com\/nuevaweb\/separaciones\/\" \/>\n<meta property=\"og:site_name\" content=\"Imago: Terapia en Torrelodones\" \/>\n<meta property=\"article:publisher\" content=\"https:\/\/www.facebook.com\/imagopsicologos\/\" \/>\n<meta property=\"article:published_time\" content=\"2020-11-30T12:04:38+00:00\" \/>\n<meta property=\"og:image\" content=\"https:\/\/www.imagopsicologos.com\/nuevaweb\/wp-content\/uploads\/2020\/11\/la-separacio\u0301n-psico\u0301logos-torrelodones.jpg\" \/>\n\t<meta property=\"og:image:width\" content=\"616\" \/>\n\t<meta property=\"og:image:height\" content=\"744\" \/>\n\t<meta property=\"og:image:type\" content=\"image\/jpeg\" \/>\n<meta name=\"author\" content=\"admin\" \/>\n<meta name=\"twitter:card\" content=\"summary_large_image\" \/>\n<meta name=\"twitter:label1\" content=\"Escrito por\" \/>\n\t<meta name=\"twitter:data1\" content=\"admin\" \/>\n\t<meta name=\"twitter:label2\" content=\"Tiempo de lectura\" \/>\n\t<meta name=\"twitter:data2\" content=\"3 minutos\" \/>\n<script type=\"application\/ld+json\" class=\"yoast-schema-graph\">{\"@context\":\"https:\/\/schema.org\",\"@graph\":[{\"@type\":\"Article\",\"@id\":\"https:\/\/www.imagopsicologos.com\/nuevaweb\/separaciones\/#article\",\"isPartOf\":{\"@id\":\"https:\/\/www.imagopsicologos.com\/nuevaweb\/separaciones\/\"},\"author\":{\"name\":\"admin\",\"@id\":\"https:\/\/www.imagopsicologos.com\/nuevaweb\/#\/schema\/person\/9239a95512d4c081a7328527a401e179\"},\"headline\":\"SEPARACIONES\",\"datePublished\":\"2020-11-30T12:04:38+00:00\",\"dateModified\":\"2020-11-30T12:04:38+00:00\",\"mainEntityOfPage\":{\"@id\":\"https:\/\/www.imagopsicologos.com\/nuevaweb\/separaciones\/\"},\"wordCount\":558,\"publisher\":{\"@id\":\"https:\/\/www.imagopsicologos.com\/nuevaweb\/#organization\"},\"articleSection\":[\"Psicoterapia\"],\"inLanguage\":\"es\"},{\"@type\":\"WebPage\",\"@id\":\"https:\/\/www.imagopsicologos.com\/nuevaweb\/separaciones\/\",\"url\":\"https:\/\/www.imagopsicologos.com\/nuevaweb\/separaciones\/\",\"name\":\"SEPARACIONES | Imago: Terapia en Torrelodones\",\"isPartOf\":{\"@id\":\"https:\/\/www.imagopsicologos.com\/nuevaweb\/#website\"},\"datePublished\":\"2020-11-30T12:04:38+00:00\",\"dateModified\":\"2020-11-30T12:04:38+00:00\",\"breadcrumb\":{\"@id\":\"https:\/\/www.imagopsicologos.com\/nuevaweb\/separaciones\/#breadcrumb\"},\"inLanguage\":\"es\",\"potentialAction\":[{\"@type\":\"ReadAction\",\"target\":[\"https:\/\/www.imagopsicologos.com\/nuevaweb\/separaciones\/\"]}]},{\"@type\":\"BreadcrumbList\",\"@id\":\"https:\/\/www.imagopsicologos.com\/nuevaweb\/separaciones\/#breadcrumb\",\"itemListElement\":[{\"@type\":\"ListItem\",\"position\":1,\"name\":\"Portada\",\"item\":\"https:\/\/www.imagopsicologos.com\/nuevaweb\/\"},{\"@type\":\"ListItem\",\"position\":2,\"name\":\"SEPARACIONES\"}]},{\"@type\":\"WebSite\",\"@id\":\"https:\/\/www.imagopsicologos.com\/nuevaweb\/#website\",\"url\":\"https:\/\/www.imagopsicologos.com\/nuevaweb\/\",\"name\":\"Imago: Terapia en Torrelodones\",\"description\":\"Psicoterapia en Torrelodones en Torrelodones\",\"publisher\":{\"@id\":\"https:\/\/www.imagopsicologos.com\/nuevaweb\/#organization\"},\"alternateName\":\"Centro de psicoterapia en Torrelodones\",\"potentialAction\":[{\"@type\":\"SearchAction\",\"target\":{\"@type\":\"EntryPoint\",\"urlTemplate\":\"https:\/\/www.imagopsicologos.com\/nuevaweb\/?s={search_term_string}\"},\"query-input\":\"required name=search_term_string\"}],\"inLanguage\":\"es\"},{\"@type\":\"Organization\",\"@id\":\"https:\/\/www.imagopsicologos.com\/nuevaweb\/#organization\",\"name\":\"Imago: Terapia en Torrelodones\",\"url\":\"https:\/\/www.imagopsicologos.com\/nuevaweb\/\",\"logo\":{\"@type\":\"ImageObject\",\"inLanguage\":\"es\",\"@id\":\"https:\/\/www.imagopsicologos.com\/nuevaweb\/#\/schema\/logo\/image\/\",\"url\":\"https:\/\/www.imagopsicologos.com\/nuevaweb\/wp-content\/uploads\/2023\/06\/logo-con-telefono-copia.jpeg\",\"contentUrl\":\"https:\/\/www.imagopsicologos.com\/nuevaweb\/wp-content\/uploads\/2023\/06\/logo-con-telefono-copia.jpeg\",\"width\":480,\"height\":480,\"caption\":\"Imago: Terapia en Torrelodones\"},\"image\":{\"@id\":\"https:\/\/www.imagopsicologos.com\/nuevaweb\/#\/schema\/logo\/image\/\"},\"sameAs\":[\"https:\/\/www.facebook.com\/imagopsicologos\/\"]},{\"@type\":\"Person\",\"@id\":\"https:\/\/www.imagopsicologos.com\/nuevaweb\/#\/schema\/person\/9239a95512d4c081a7328527a401e179\",\"name\":\"admin\",\"image\":{\"@type\":\"ImageObject\",\"inLanguage\":\"es\",\"@id\":\"https:\/\/www.imagopsicologos.com\/nuevaweb\/#\/schema\/person\/image\/\",\"url\":\"https:\/\/secure.gravatar.com\/avatar\/899e4ee70cf3334f8869cd9dfa591cdd3e01232bfd02f7244f9f127390634012?s=96&d=mm&r=g\",\"contentUrl\":\"https:\/\/secure.gravatar.com\/avatar\/899e4ee70cf3334f8869cd9dfa591cdd3e01232bfd02f7244f9f127390634012?s=96&d=mm&r=g\",\"caption\":\"admin\"},\"sameAs\":[\"https:\/\/www.imagopsicologos.com\/nuevaweb\"],\"url\":\"https:\/\/www.imagopsicologos.com\/nuevaweb\/author\/admin\/\"}]}<\/script>\n<!-- \/ Yoast SEO plugin. -->","yoast_head_json":{"title":"SEPARACIONES | Imago: Terapia en Torrelodones","robots":{"index":"noindex","follow":"follow","max-snippet":"max-snippet:-1","max-image-preview":"max-image-preview:large","max-video-preview":"max-video-preview:-1"},"og_locale":"es_ES","og_type":"article","og_title":"SEPARACIONES | Imago: Terapia en Torrelodones","og_description":"Al hablar de \u00abseparaci\u00f3n\u00bb pensamos enseguida en la separaci\u00f3n de una pareja, pero no, nuestra vida est\u00e1 poblada de separaciones: de amigos, familiares, grupos, amores. \u00bfQu\u00e9 supone separarse? \u00bfQu\u00e9 empuja a hacerlo? \u00bfPor qu\u00e9\u00a0 es tan dif\u00edcil decidirse? \u00abSeparaci\u00f3n es un t\u00e9rmino pol\u00e9mico que indica al menos tres cuestiones. Por un lado se-parare es parirse [&hellip;]","og_url":"https:\/\/www.imagopsicologos.com\/nuevaweb\/separaciones\/","og_site_name":"Imago: Terapia en Torrelodones","article_publisher":"https:\/\/www.facebook.com\/imagopsicologos\/","article_published_time":"2020-11-30T12:04:38+00:00","og_image":[{"width":616,"height":744,"url":"https:\/\/www.imagopsicologos.com\/nuevaweb\/wp-content\/uploads\/2020\/11\/la-separacio\u0301n-psico\u0301logos-torrelodones.jpg","type":"image\/jpeg"}],"author":"admin","twitter_card":"summary_large_image","twitter_misc":{"Escrito por":"admin","Tiempo de lectura":"3 minutos"},"schema":{"@context":"https:\/\/schema.org","@graph":[{"@type":"Article","@id":"https:\/\/www.imagopsicologos.com\/nuevaweb\/separaciones\/#article","isPartOf":{"@id":"https:\/\/www.imagopsicologos.com\/nuevaweb\/separaciones\/"},"author":{"name":"admin","@id":"https:\/\/www.imagopsicologos.com\/nuevaweb\/#\/schema\/person\/9239a95512d4c081a7328527a401e179"},"headline":"SEPARACIONES","datePublished":"2020-11-30T12:04:38+00:00","dateModified":"2020-11-30T12:04:38+00:00","mainEntityOfPage":{"@id":"https:\/\/www.imagopsicologos.com\/nuevaweb\/separaciones\/"},"wordCount":558,"publisher":{"@id":"https:\/\/www.imagopsicologos.com\/nuevaweb\/#organization"},"articleSection":["Psicoterapia"],"inLanguage":"es"},{"@type":"WebPage","@id":"https:\/\/www.imagopsicologos.com\/nuevaweb\/separaciones\/","url":"https:\/\/www.imagopsicologos.com\/nuevaweb\/separaciones\/","name":"SEPARACIONES | Imago: Terapia en Torrelodones","isPartOf":{"@id":"https:\/\/www.imagopsicologos.com\/nuevaweb\/#website"},"datePublished":"2020-11-30T12:04:38+00:00","dateModified":"2020-11-30T12:04:38+00:00","breadcrumb":{"@id":"https:\/\/www.imagopsicologos.com\/nuevaweb\/separaciones\/#breadcrumb"},"inLanguage":"es","potentialAction":[{"@type":"ReadAction","target":["https:\/\/www.imagopsicologos.com\/nuevaweb\/separaciones\/"]}]},{"@type":"BreadcrumbList","@id":"https:\/\/www.imagopsicologos.com\/nuevaweb\/separaciones\/#breadcrumb","itemListElement":[{"@type":"ListItem","position":1,"name":"Portada","item":"https:\/\/www.imagopsicologos.com\/nuevaweb\/"},{"@type":"ListItem","position":2,"name":"SEPARACIONES"}]},{"@type":"WebSite","@id":"https:\/\/www.imagopsicologos.com\/nuevaweb\/#website","url":"https:\/\/www.imagopsicologos.com\/nuevaweb\/","name":"Imago: Terapia en Torrelodones","description":"Psicoterapia en Torrelodones en Torrelodones","publisher":{"@id":"https:\/\/www.imagopsicologos.com\/nuevaweb\/#organization"},"alternateName":"Centro de psicoterapia en Torrelodones","potentialAction":[{"@type":"SearchAction","target":{"@type":"EntryPoint","urlTemplate":"https:\/\/www.imagopsicologos.com\/nuevaweb\/?s={search_term_string}"},"query-input":"required name=search_term_string"}],"inLanguage":"es"},{"@type":"Organization","@id":"https:\/\/www.imagopsicologos.com\/nuevaweb\/#organization","name":"Imago: Terapia en Torrelodones","url":"https:\/\/www.imagopsicologos.com\/nuevaweb\/","logo":{"@type":"ImageObject","inLanguage":"es","@id":"https:\/\/www.imagopsicologos.com\/nuevaweb\/#\/schema\/logo\/image\/","url":"https:\/\/www.imagopsicologos.com\/nuevaweb\/wp-content\/uploads\/2023\/06\/logo-con-telefono-copia.jpeg","contentUrl":"https:\/\/www.imagopsicologos.com\/nuevaweb\/wp-content\/uploads\/2023\/06\/logo-con-telefono-copia.jpeg","width":480,"height":480,"caption":"Imago: Terapia en Torrelodones"},"image":{"@id":"https:\/\/www.imagopsicologos.com\/nuevaweb\/#\/schema\/logo\/image\/"},"sameAs":["https:\/\/www.facebook.com\/imagopsicologos\/"]},{"@type":"Person","@id":"https:\/\/www.imagopsicologos.com\/nuevaweb\/#\/schema\/person\/9239a95512d4c081a7328527a401e179","name":"admin","image":{"@type":"ImageObject","inLanguage":"es","@id":"https:\/\/www.imagopsicologos.com\/nuevaweb\/#\/schema\/person\/image\/","url":"https:\/\/secure.gravatar.com\/avatar\/899e4ee70cf3334f8869cd9dfa591cdd3e01232bfd02f7244f9f127390634012?s=96&d=mm&r=g","contentUrl":"https:\/\/secure.gravatar.com\/avatar\/899e4ee70cf3334f8869cd9dfa591cdd3e01232bfd02f7244f9f127390634012?s=96&d=mm&r=g","caption":"admin"},"sameAs":["https:\/\/www.imagopsicologos.com\/nuevaweb"],"url":"https:\/\/www.imagopsicologos.com\/nuevaweb\/author\/admin\/"}]}},"_links":{"self":[{"href":"https:\/\/www.imagopsicologos.com\/nuevaweb\/wp-json\/wp\/v2\/posts\/6805","targetHints":{"allow":["GET"]}}],"collection":[{"href":"https:\/\/www.imagopsicologos.com\/nuevaweb\/wp-json\/wp\/v2\/posts"}],"about":[{"href":"https:\/\/www.imagopsicologos.com\/nuevaweb\/wp-json\/wp\/v2\/types\/post"}],"author":[{"embeddable":true,"href":"https:\/\/www.imagopsicologos.com\/nuevaweb\/wp-json\/wp\/v2\/users\/1"}],"replies":[{"embeddable":true,"href":"https:\/\/www.imagopsicologos.com\/nuevaweb\/wp-json\/wp\/v2\/comments?post=6805"}],"version-history":[{"count":0,"href":"https:\/\/www.imagopsicologos.com\/nuevaweb\/wp-json\/wp\/v2\/posts\/6805\/revisions"}],"wp:featuredmedia":[{"embeddable":true,"href":"https:\/\/www.imagopsicologos.com\/nuevaweb\/wp-json\/wp\/v2\/media\/6806"}],"wp:attachment":[{"href":"https:\/\/www.imagopsicologos.com\/nuevaweb\/wp-json\/wp\/v2\/media?parent=6805"}],"wp:term":[{"taxonomy":"category","embeddable":true,"href":"https:\/\/www.imagopsicologos.com\/nuevaweb\/wp-json\/wp\/v2\/categories?post=6805"},{"taxonomy":"post_tag","embeddable":true,"href":"https:\/\/www.imagopsicologos.com\/nuevaweb\/wp-json\/wp\/v2\/tags?post=6805"}],"curies":[{"name":"wp","href":"https:\/\/api.w.org\/{rel}","templated":true}]}}