{"id":6797,"date":"2023-01-12T19:15:36","date_gmt":"2023-01-12T19:15:36","guid":{"rendered":"https:\/\/www.imagopsicologos.com\/nuevaweb\/?p=6741"},"modified":"2023-06-08T09:42:57","modified_gmt":"2023-06-08T09:42:57","slug":"por-que-no-puedo-separarme","status":"publish","type":"post","link":"https:\/\/www.imagopsicologos.com\/nuevaweb\/por-que-no-puedo-separarme\/","title":{"rendered":"\u00bfPOR QU\u00c9 NO PUEDO SEPARARME?"},"content":{"rendered":"<p>Hasta hace un tiempo la pregunta era por la causa de las separaciones de las parejas (\u201c\u00bfPor qu\u00e9 se habr\u00e1n separado?\u201d), hoy m\u00e1s bien nos preguntamos \u201c\u00bfPor qu\u00e9 cuesta tanto separarse? \u201c<\/p>\n<p>Dos personas pueden vivir juntas durante a\u00f1os en un infierno cotidiano -y ya no cabe decir que es por respeto a la instituci\u00f3n matrimonial.\u00a0 Algunas veces se pone como pretexto a los hijos (\u201cNo los quiero hacer sufrir\u201d) aunque es muy frecuente que contin\u00faen juntos cuando los hijos ya se han independizado. En ocasiones se opta por una vida paralela donde se busca fuera de casa aquello que no se consigue en ella.<\/p>\n<p>Separarse, no es irse. El primer paso de una separaci\u00f3n es reconocer que uno ya se fue. Que quiz\u00e1s est\u00e1 en un lugar del que ya se separ\u00f3 hace rato. Y a veces lo que no se soporta es justamente el aceptar que la separaci\u00f3n ya ocurri\u00f3. Y lo que se busca por todos los medios es tratar de evitarla. Este tambi\u00e9n puede ser el sentido de muchas peleas, que no son para separarse, sino como defensa ante una separaci\u00f3n consumada o como una manera de permanecer juntos, porque\u00a0 han hecho de la agresi\u00f3n su modo de estar juntos. La separaci\u00f3n f\u00edsica es lo de menos, lo que importa es la separaci\u00f3n ps\u00edquica o emocional .<\/p>\n<h2>LA SEPARACION NO ES UNA DECISI\u00d3N RACIONAL<\/h2>\n<p>Separarse es una de las tareas m\u00e1s dif\u00edciles de la vida. De lo que sea: de la familia de origen, de un trabajo, de un lugar y, por qu\u00e9 no, de una relaci\u00f3n amorosa.<\/p>\n<p>Dos personas pueden estar separadas y continuar juntas a trav\u00e9s de discusiones en las que se pelean como si a\u00fan fueran pareja. A esta manera de estar juntos podemos llamarla \u00a0\u00abPareja de separados\u00bb, porque muestra que la separaci\u00f3n puede ser tambi\u00e9n un modo de seguir en pareja.<\/p>\n<p>Por otro lado, separarse es un acto hostil. Esto no quiere decir que sea agresivo, pero s\u00ed es hostil en la medida en que encarna una negaci\u00f3n. Decir que \u201cno\u201d a alguien (o que nos digan que no) implica una frustraci\u00f3n. Sin embargo, una diferencia crucial est\u00e1 en personalizar esa negativa, porque muchos de los \u00abno\u00bb que se dicen en una separaci\u00f3n son al v\u00ednculo que tienen entre ambos y no a la persona. En este sentido hay que ser cuidadoso o cuidadosa en no tomarte como personales las cosas que te dice el otro.<\/p>\n<p>La separaci\u00f3n es una transformaci\u00f3n del v\u00ednculo para que dos personas recuperen autonom\u00eda; no debe ser un acto de venganza, ni un abandono, no es dejar ni que nos dejen.<\/p>\n<p>\u00a1Qu\u00e9 dif\u00edcil <em>pensarnos<\/em> por fuera de un v\u00ednculo! En otras palabras, imaginarnos estar o vivir fuera del modo de estar con nuestra pareja. No obstante, los v\u00ednculos siempre van entre un adentro y un afuera, en transformaci\u00f3n. Creo que si a veces nos cuesta tanto transitar una separaci\u00f3n es porque tenemos el temor de que, sin ese \u00a0v\u00ednculo, no hay nada m\u00e1s; pero, \u00bfsabes qu\u00e9? Con una buena separaci\u00f3n es posible reencontrarse con el otro desde otro lugar y compartir otras y nuevas cosas.<\/p>\n<p>Una separaci\u00f3n es siempre un ejercicio de supervivencia. Cuanto menos nos sentimos capaces de sobrevivir, m\u00e1s vamos a culpar al otro o le vamos a querer cobrar nuestro dolor. Sin embargo, ese dolor es propio y lo peor que podemos hacer es asumir una actitud de revancha o castigar en el otro lo que no podemos aceptar de nosotros. Cuando hay hijos \u00aben com\u00fan\u00bb, lo com\u00fan permanece a pesar de la separaci\u00f3n de los padres y es preciso velar por su protecci\u00f3n. Un gran mito en las separaciones es creer que da\u00f1a a los hijos, que los padres juntos es lo mejor para un ni\u00f1o y esto no es as\u00ed. Tambi\u00e9n puede ser sumamente doloroso para un hijo tener que \u201ccargar con la culpa \u201c de unir a sus padres.<\/p>\n<p>Un espacio terap\u00e9utico, s\u00f3lo o en pareja \u00a0puede ser \u2013en lugar de para forzar la relaci\u00f3n\u2013 una v\u00eda para buscar la mejor manera de seguir cada uno con su vida sin ponerse palos en la rueda.<\/p>\n<p>El fin de una convivencia no es necesariamente el fin del amor o el cari\u00f1o por el otro. Cuando alguien nos dice que ya no quiere estar m\u00e1s con nosotros, en lugar de pensar que ya no nos quiere, mejor tratar de escuchar qu\u00e9 del v\u00ednculo con nosotros le duele o lastima. Es posible salir adelante, haci\u00e9ndole lugar a una transformaci\u00f3n que no nos resienta.<\/p>\n<p style=\"text-align: left;\">Nunca es tarde para aceptar que las separaciones no llegan de un d\u00eda para otro, sino que son el trabajo de un largo y sinuoso desgaste por el cual ninguno puede culpar al otro. Si nos animamos a sobrevivir, habremos crecido un mont\u00f3n y, adem\u00e1s, estaremos m\u00e1s enriquecidos para nuevas experiencias.<\/p>\n<p style=\"text-align: right;\">(Texto adaptado de \u201c\u00bfPodemos separarnos bien?\u201d de Luciano Lutereau, Diario El Litoral)<\/p>\n<p style=\"text-align: right;\"><a href=\"https:\/\/www.imagopsicologos.com\/nuevaweb\/terapia-de-pareja-en-torrelodones-imago\/\"><span style=\"color: #993300;\"><strong>\u2190 Ir a \u00abTerapia de parejas\u00bb<\/strong><\/span><\/a><\/p>\n","protected":false},"excerpt":{"rendered":"<p>Hasta hace un tiempo la pregunta era por la causa de las separaciones de las parejas (\u201c\u00bfPor qu\u00e9 se habr\u00e1n separado?\u201d), hoy m\u00e1s bien nos preguntamos \u201c\u00bfPor qu\u00e9 cuesta tanto separarse? \u201c Dos personas pueden vivir juntas durante a\u00f1os en un infierno cotidiano -y ya no cabe decir que es por respeto a la instituci\u00f3n [&hellip;]<\/p>\n","protected":false},"author":1,"featured_media":6798,"comment_status":"closed","ping_status":"open","sticky":false,"template":"","format":"standard","meta":{"_et_pb_use_builder":"","_et_pb_old_content":"","_et_gb_content_width":"","footnotes":""},"categories":[6],"tags":[],"class_list":["post-6797","post","type-post","status-publish","format-standard","has-post-thumbnail","hentry","category-psicoterapia-de-pareja"],"yoast_head":"<!-- This site is optimized with the Yoast SEO plugin v20.9 - https:\/\/yoast.com\/wordpress\/plugins\/seo\/ -->\n<title>\u00bfPOR QU\u00c9 NO PUEDO SEPARARME? | Imago: Terapia en Torrelodones<\/title>\n<meta name=\"robots\" content=\"noindex, follow, max-snippet:-1, max-image-preview:large, max-video-preview:-1\" \/>\n<meta property=\"og:locale\" content=\"es_ES\" \/>\n<meta property=\"og:type\" content=\"article\" \/>\n<meta property=\"og:title\" content=\"\u00bfPOR QU\u00c9 NO PUEDO SEPARARME? | Imago: Terapia en Torrelodones\" \/>\n<meta property=\"og:description\" content=\"Hasta hace un tiempo la pregunta era por la causa de las separaciones de las parejas (\u201c\u00bfPor qu\u00e9 se habr\u00e1n separado?\u201d), hoy m\u00e1s bien nos preguntamos \u201c\u00bfPor qu\u00e9 cuesta tanto separarse? \u201c Dos personas pueden vivir juntas durante a\u00f1os en un infierno cotidiano -y ya no cabe decir que es por respeto a la instituci\u00f3n [&hellip;]\" \/>\n<meta property=\"og:url\" content=\"https:\/\/www.imagopsicologos.com\/nuevaweb\/por-que-no-puedo-separarme\/\" \/>\n<meta property=\"og:site_name\" content=\"Imago: Terapia en Torrelodones\" \/>\n<meta property=\"article:publisher\" content=\"https:\/\/www.facebook.com\/imagopsicologos\/\" \/>\n<meta property=\"article:published_time\" content=\"2023-01-12T19:15:36+00:00\" \/>\n<meta property=\"article:modified_time\" content=\"2023-06-08T09:42:57+00:00\" \/>\n<meta property=\"og:image\" content=\"https:\/\/www.imagopsicologos.com\/nuevaweb\/wp-content\/uploads\/2023\/01\/por-que\u0301-no-podemos-separarnos-matrimonio-pareja.jpg\" \/>\n\t<meta property=\"og:image:width\" content=\"800\" \/>\n\t<meta property=\"og:image:height\" content=\"452\" \/>\n\t<meta property=\"og:image:type\" content=\"image\/jpeg\" \/>\n<meta name=\"author\" content=\"admin\" \/>\n<meta name=\"twitter:card\" content=\"summary_large_image\" \/>\n<meta name=\"twitter:label1\" content=\"Escrito por\" \/>\n\t<meta name=\"twitter:data1\" content=\"admin\" \/>\n\t<meta name=\"twitter:label2\" content=\"Tiempo de lectura\" \/>\n\t<meta name=\"twitter:data2\" content=\"4 minutos\" \/>\n<script type=\"application\/ld+json\" class=\"yoast-schema-graph\">{\"@context\":\"https:\/\/schema.org\",\"@graph\":[{\"@type\":\"Article\",\"@id\":\"https:\/\/www.imagopsicologos.com\/nuevaweb\/por-que-no-puedo-separarme\/#article\",\"isPartOf\":{\"@id\":\"https:\/\/www.imagopsicologos.com\/nuevaweb\/por-que-no-puedo-separarme\/\"},\"author\":{\"name\":\"admin\",\"@id\":\"https:\/\/www.imagopsicologos.com\/nuevaweb\/#\/schema\/person\/9239a95512d4c081a7328527a401e179\"},\"headline\":\"\u00bfPOR QU\u00c9 NO PUEDO SEPARARME?\",\"datePublished\":\"2023-01-12T19:15:36+00:00\",\"dateModified\":\"2023-06-08T09:42:57+00:00\",\"mainEntityOfPage\":{\"@id\":\"https:\/\/www.imagopsicologos.com\/nuevaweb\/por-que-no-puedo-separarme\/\"},\"wordCount\":880,\"publisher\":{\"@id\":\"https:\/\/www.imagopsicologos.com\/nuevaweb\/#organization\"},\"articleSection\":[\"Psicoterapia de pareja\"],\"inLanguage\":\"es\"},{\"@type\":\"WebPage\",\"@id\":\"https:\/\/www.imagopsicologos.com\/nuevaweb\/por-que-no-puedo-separarme\/\",\"url\":\"https:\/\/www.imagopsicologos.com\/nuevaweb\/por-que-no-puedo-separarme\/\",\"name\":\"\u00bfPOR QU\u00c9 NO PUEDO SEPARARME? | Imago: Terapia en Torrelodones\",\"isPartOf\":{\"@id\":\"https:\/\/www.imagopsicologos.com\/nuevaweb\/#website\"},\"datePublished\":\"2023-01-12T19:15:36+00:00\",\"dateModified\":\"2023-06-08T09:42:57+00:00\",\"breadcrumb\":{\"@id\":\"https:\/\/www.imagopsicologos.com\/nuevaweb\/por-que-no-puedo-separarme\/#breadcrumb\"},\"inLanguage\":\"es\",\"potentialAction\":[{\"@type\":\"ReadAction\",\"target\":[\"https:\/\/www.imagopsicologos.com\/nuevaweb\/por-que-no-puedo-separarme\/\"]}]},{\"@type\":\"BreadcrumbList\",\"@id\":\"https:\/\/www.imagopsicologos.com\/nuevaweb\/por-que-no-puedo-separarme\/#breadcrumb\",\"itemListElement\":[{\"@type\":\"ListItem\",\"position\":1,\"name\":\"Portada\",\"item\":\"https:\/\/www.imagopsicologos.com\/nuevaweb\/\"},{\"@type\":\"ListItem\",\"position\":2,\"name\":\"\u00bfPOR QU\u00c9 NO PUEDO SEPARARME?\"}]},{\"@type\":\"WebSite\",\"@id\":\"https:\/\/www.imagopsicologos.com\/nuevaweb\/#website\",\"url\":\"https:\/\/www.imagopsicologos.com\/nuevaweb\/\",\"name\":\"Imago: Terapia en Torrelodones\",\"description\":\"Psicoterapia en Torrelodones en Torrelodones\",\"publisher\":{\"@id\":\"https:\/\/www.imagopsicologos.com\/nuevaweb\/#organization\"},\"alternateName\":\"Centro de psicoterapia en Torrelodones\",\"potentialAction\":[{\"@type\":\"SearchAction\",\"target\":{\"@type\":\"EntryPoint\",\"urlTemplate\":\"https:\/\/www.imagopsicologos.com\/nuevaweb\/?s={search_term_string}\"},\"query-input\":\"required name=search_term_string\"}],\"inLanguage\":\"es\"},{\"@type\":\"Organization\",\"@id\":\"https:\/\/www.imagopsicologos.com\/nuevaweb\/#organization\",\"name\":\"Imago: Terapia en Torrelodones\",\"url\":\"https:\/\/www.imagopsicologos.com\/nuevaweb\/\",\"logo\":{\"@type\":\"ImageObject\",\"inLanguage\":\"es\",\"@id\":\"https:\/\/www.imagopsicologos.com\/nuevaweb\/#\/schema\/logo\/image\/\",\"url\":\"https:\/\/www.imagopsicologos.com\/nuevaweb\/wp-content\/uploads\/2023\/06\/logo-con-telefono-copia.jpeg\",\"contentUrl\":\"https:\/\/www.imagopsicologos.com\/nuevaweb\/wp-content\/uploads\/2023\/06\/logo-con-telefono-copia.jpeg\",\"width\":480,\"height\":480,\"caption\":\"Imago: Terapia en Torrelodones\"},\"image\":{\"@id\":\"https:\/\/www.imagopsicologos.com\/nuevaweb\/#\/schema\/logo\/image\/\"},\"sameAs\":[\"https:\/\/www.facebook.com\/imagopsicologos\/\"]},{\"@type\":\"Person\",\"@id\":\"https:\/\/www.imagopsicologos.com\/nuevaweb\/#\/schema\/person\/9239a95512d4c081a7328527a401e179\",\"name\":\"admin\",\"image\":{\"@type\":\"ImageObject\",\"inLanguage\":\"es\",\"@id\":\"https:\/\/www.imagopsicologos.com\/nuevaweb\/#\/schema\/person\/image\/\",\"url\":\"https:\/\/secure.gravatar.com\/avatar\/899e4ee70cf3334f8869cd9dfa591cdd3e01232bfd02f7244f9f127390634012?s=96&d=mm&r=g\",\"contentUrl\":\"https:\/\/secure.gravatar.com\/avatar\/899e4ee70cf3334f8869cd9dfa591cdd3e01232bfd02f7244f9f127390634012?s=96&d=mm&r=g\",\"caption\":\"admin\"},\"sameAs\":[\"https:\/\/www.imagopsicologos.com\/nuevaweb\"],\"url\":\"https:\/\/www.imagopsicologos.com\/nuevaweb\/author\/admin\/\"}]}<\/script>\n<!-- \/ Yoast SEO plugin. -->","yoast_head_json":{"title":"\u00bfPOR QU\u00c9 NO PUEDO SEPARARME? | Imago: Terapia en Torrelodones","robots":{"index":"noindex","follow":"follow","max-snippet":"max-snippet:-1","max-image-preview":"max-image-preview:large","max-video-preview":"max-video-preview:-1"},"og_locale":"es_ES","og_type":"article","og_title":"\u00bfPOR QU\u00c9 NO PUEDO SEPARARME? | Imago: Terapia en Torrelodones","og_description":"Hasta hace un tiempo la pregunta era por la causa de las separaciones de las parejas (\u201c\u00bfPor qu\u00e9 se habr\u00e1n separado?\u201d), hoy m\u00e1s bien nos preguntamos \u201c\u00bfPor qu\u00e9 cuesta tanto separarse? \u201c Dos personas pueden vivir juntas durante a\u00f1os en un infierno cotidiano -y ya no cabe decir que es por respeto a la instituci\u00f3n [&hellip;]","og_url":"https:\/\/www.imagopsicologos.com\/nuevaweb\/por-que-no-puedo-separarme\/","og_site_name":"Imago: Terapia en Torrelodones","article_publisher":"https:\/\/www.facebook.com\/imagopsicologos\/","article_published_time":"2023-01-12T19:15:36+00:00","article_modified_time":"2023-06-08T09:42:57+00:00","og_image":[{"width":800,"height":452,"url":"https:\/\/www.imagopsicologos.com\/nuevaweb\/wp-content\/uploads\/2023\/01\/por-que\u0301-no-podemos-separarnos-matrimonio-pareja.jpg","type":"image\/jpeg"}],"author":"admin","twitter_card":"summary_large_image","twitter_misc":{"Escrito por":"admin","Tiempo de lectura":"4 minutos"},"schema":{"@context":"https:\/\/schema.org","@graph":[{"@type":"Article","@id":"https:\/\/www.imagopsicologos.com\/nuevaweb\/por-que-no-puedo-separarme\/#article","isPartOf":{"@id":"https:\/\/www.imagopsicologos.com\/nuevaweb\/por-que-no-puedo-separarme\/"},"author":{"name":"admin","@id":"https:\/\/www.imagopsicologos.com\/nuevaweb\/#\/schema\/person\/9239a95512d4c081a7328527a401e179"},"headline":"\u00bfPOR QU\u00c9 NO PUEDO SEPARARME?","datePublished":"2023-01-12T19:15:36+00:00","dateModified":"2023-06-08T09:42:57+00:00","mainEntityOfPage":{"@id":"https:\/\/www.imagopsicologos.com\/nuevaweb\/por-que-no-puedo-separarme\/"},"wordCount":880,"publisher":{"@id":"https:\/\/www.imagopsicologos.com\/nuevaweb\/#organization"},"articleSection":["Psicoterapia de pareja"],"inLanguage":"es"},{"@type":"WebPage","@id":"https:\/\/www.imagopsicologos.com\/nuevaweb\/por-que-no-puedo-separarme\/","url":"https:\/\/www.imagopsicologos.com\/nuevaweb\/por-que-no-puedo-separarme\/","name":"\u00bfPOR QU\u00c9 NO PUEDO SEPARARME? | Imago: Terapia en Torrelodones","isPartOf":{"@id":"https:\/\/www.imagopsicologos.com\/nuevaweb\/#website"},"datePublished":"2023-01-12T19:15:36+00:00","dateModified":"2023-06-08T09:42:57+00:00","breadcrumb":{"@id":"https:\/\/www.imagopsicologos.com\/nuevaweb\/por-que-no-puedo-separarme\/#breadcrumb"},"inLanguage":"es","potentialAction":[{"@type":"ReadAction","target":["https:\/\/www.imagopsicologos.com\/nuevaweb\/por-que-no-puedo-separarme\/"]}]},{"@type":"BreadcrumbList","@id":"https:\/\/www.imagopsicologos.com\/nuevaweb\/por-que-no-puedo-separarme\/#breadcrumb","itemListElement":[{"@type":"ListItem","position":1,"name":"Portada","item":"https:\/\/www.imagopsicologos.com\/nuevaweb\/"},{"@type":"ListItem","position":2,"name":"\u00bfPOR QU\u00c9 NO PUEDO SEPARARME?"}]},{"@type":"WebSite","@id":"https:\/\/www.imagopsicologos.com\/nuevaweb\/#website","url":"https:\/\/www.imagopsicologos.com\/nuevaweb\/","name":"Imago: Terapia en Torrelodones","description":"Psicoterapia en Torrelodones en Torrelodones","publisher":{"@id":"https:\/\/www.imagopsicologos.com\/nuevaweb\/#organization"},"alternateName":"Centro de psicoterapia en Torrelodones","potentialAction":[{"@type":"SearchAction","target":{"@type":"EntryPoint","urlTemplate":"https:\/\/www.imagopsicologos.com\/nuevaweb\/?s={search_term_string}"},"query-input":"required name=search_term_string"}],"inLanguage":"es"},{"@type":"Organization","@id":"https:\/\/www.imagopsicologos.com\/nuevaweb\/#organization","name":"Imago: Terapia en Torrelodones","url":"https:\/\/www.imagopsicologos.com\/nuevaweb\/","logo":{"@type":"ImageObject","inLanguage":"es","@id":"https:\/\/www.imagopsicologos.com\/nuevaweb\/#\/schema\/logo\/image\/","url":"https:\/\/www.imagopsicologos.com\/nuevaweb\/wp-content\/uploads\/2023\/06\/logo-con-telefono-copia.jpeg","contentUrl":"https:\/\/www.imagopsicologos.com\/nuevaweb\/wp-content\/uploads\/2023\/06\/logo-con-telefono-copia.jpeg","width":480,"height":480,"caption":"Imago: Terapia en Torrelodones"},"image":{"@id":"https:\/\/www.imagopsicologos.com\/nuevaweb\/#\/schema\/logo\/image\/"},"sameAs":["https:\/\/www.facebook.com\/imagopsicologos\/"]},{"@type":"Person","@id":"https:\/\/www.imagopsicologos.com\/nuevaweb\/#\/schema\/person\/9239a95512d4c081a7328527a401e179","name":"admin","image":{"@type":"ImageObject","inLanguage":"es","@id":"https:\/\/www.imagopsicologos.com\/nuevaweb\/#\/schema\/person\/image\/","url":"https:\/\/secure.gravatar.com\/avatar\/899e4ee70cf3334f8869cd9dfa591cdd3e01232bfd02f7244f9f127390634012?s=96&d=mm&r=g","contentUrl":"https:\/\/secure.gravatar.com\/avatar\/899e4ee70cf3334f8869cd9dfa591cdd3e01232bfd02f7244f9f127390634012?s=96&d=mm&r=g","caption":"admin"},"sameAs":["https:\/\/www.imagopsicologos.com\/nuevaweb"],"url":"https:\/\/www.imagopsicologos.com\/nuevaweb\/author\/admin\/"}]}},"_links":{"self":[{"href":"https:\/\/www.imagopsicologos.com\/nuevaweb\/wp-json\/wp\/v2\/posts\/6797","targetHints":{"allow":["GET"]}}],"collection":[{"href":"https:\/\/www.imagopsicologos.com\/nuevaweb\/wp-json\/wp\/v2\/posts"}],"about":[{"href":"https:\/\/www.imagopsicologos.com\/nuevaweb\/wp-json\/wp\/v2\/types\/post"}],"author":[{"embeddable":true,"href":"https:\/\/www.imagopsicologos.com\/nuevaweb\/wp-json\/wp\/v2\/users\/1"}],"replies":[{"embeddable":true,"href":"https:\/\/www.imagopsicologos.com\/nuevaweb\/wp-json\/wp\/v2\/comments?post=6797"}],"version-history":[{"count":3,"href":"https:\/\/www.imagopsicologos.com\/nuevaweb\/wp-json\/wp\/v2\/posts\/6797\/revisions"}],"predecessor-version":[{"id":6988,"href":"https:\/\/www.imagopsicologos.com\/nuevaweb\/wp-json\/wp\/v2\/posts\/6797\/revisions\/6988"}],"wp:featuredmedia":[{"embeddable":true,"href":"https:\/\/www.imagopsicologos.com\/nuevaweb\/wp-json\/wp\/v2\/media\/6798"}],"wp:attachment":[{"href":"https:\/\/www.imagopsicologos.com\/nuevaweb\/wp-json\/wp\/v2\/media?parent=6797"}],"wp:term":[{"taxonomy":"category","embeddable":true,"href":"https:\/\/www.imagopsicologos.com\/nuevaweb\/wp-json\/wp\/v2\/categories?post=6797"},{"taxonomy":"post_tag","embeddable":true,"href":"https:\/\/www.imagopsicologos.com\/nuevaweb\/wp-json\/wp\/v2\/tags?post=6797"}],"curies":[{"name":"wp","href":"https:\/\/api.w.org\/{rel}","templated":true}]}}